{"id":1799,"date":"2014-08-24T18:56:26","date_gmt":"2014-08-24T17:56:26","guid":{"rendered":"https:\/\/gruasserrat.com\/mostra-entrada\/"},"modified":"2019-12-02T11:02:27","modified_gmt":"2019-12-02T10:02:27","slug":"retirada-pont-provisional-av-jacquard-terrassa","status":"publish","type":"post","link":"https:\/\/gruasserrat.com\/ca\/retirada-pont-provisional-av-jacquard-terrassa\/","title":{"rendered":"Retirada del pont provisional de l&#8217;Av. Jacquard de Terrassa"},"content":{"rendered":"<p>A les 10:00 de la nit va comen\u00e7ar la maniobra de retirada de les cinc bigues de 70 Tn. de pes i 28 m. de longitud que eren la base del pont provisional de l&#8217;avinguda Jacquard de Terrassa, que ha perm\u00e8s mantenir la circulaci\u00f3 durant les obres de l&#8217;estaci\u00f3 de Ferrocarrils per aquest tram.<\/p>\n<p>Per a aix\u00f2\u00a0 hem utilitzat la nostra grua Demag AC 500-1<\/p>\n<p>La maniobra va acabar en l&#8217;horari previst, evitant aix\u00ed entorpir el normal funcionament de la circulaci\u00f3 de la l\u00ednia d&#8217;autobusos.<\/p>\n<p><img decoding=\"async\" class=\"alignnone size-medium wp-image-1170\" src=\"https:\/\/gruasserrat.com\/wp-content\/uploads\/2014\/08\/3290_0001-213x300.jpg\" alt=\"\" width=\"213\" height=\"300\" srcset=\"https:\/\/gruasserrat.com\/wp-content\/uploads\/2014\/08\/3290_0001-213x300.jpg 213w, https:\/\/gruasserrat.com\/wp-content\/uploads\/2014\/08\/3290_0001-768x1083.jpg 768w, https:\/\/gruasserrat.com\/wp-content\/uploads\/2014\/08\/3290_0001-730x1030.jpg 730w, https:\/\/gruasserrat.com\/wp-content\/uploads\/2014\/08\/3290_0001-1064x1500.jpg 1064w, https:\/\/gruasserrat.com\/wp-content\/uploads\/2014\/08\/3290_0001-500x705.jpg 500w, https:\/\/gruasserrat.com\/wp-content\/uploads\/2014\/08\/3290_0001-450x635.jpg 450w\" sizes=\"(max-width: 213px) 100vw, 213px\" \/><img decoding=\"async\" class=\"alignnone size-medium wp-image-1171\" src=\"https:\/\/gruasserrat.com\/wp-content\/uploads\/2014\/08\/3291_0001-212x300.jpg\" alt=\"\" width=\"212\" height=\"300\" srcset=\"https:\/\/gruasserrat.com\/wp-content\/uploads\/2014\/08\/3291_0001-212x300.jpg 212w, https:\/\/gruasserrat.com\/wp-content\/uploads\/2014\/08\/3291_0001-768x1089.jpg 768w, https:\/\/gruasserrat.com\/wp-content\/uploads\/2014\/08\/3291_0001-726x1030.jpg 726w, https:\/\/gruasserrat.com\/wp-content\/uploads\/2014\/08\/3291_0001-1058x1500.jpg 1058w, https:\/\/gruasserrat.com\/wp-content\/uploads\/2014\/08\/3291_0001-497x705.jpg 497w, https:\/\/gruasserrat.com\/wp-content\/uploads\/2014\/08\/3291_0001-450x638.jpg 450w\" sizes=\"(max-width: 212px) 100vw, 212px\" \/><\/p>\n<p>Not\u00edcia publicada al DIARI DE TERRASSA, el dimecres 12 de novembre de 2008<\/p>\n<p>&nbsp;<\/p>\n","protected":false},"excerpt":{"rendered":"<p>A les 10:00 de la nit va comen\u00e7ar la maniobra de retirada de les cinc bigues de 70 Tn. de pes i 28 m. de longitud que eren la base del pont provisional de l&#8217;avinguda Jacquard de Terrassa, que ha perm\u00e8s mantenir la circulaci\u00f3 durant les obres de l&#8217;estaci\u00f3 de Ferrocarrils per aquest tram. Per [&hellip;]<\/p>\n","protected":false},"author":4,"featured_media":1578,"comment_status":"open","ping_status":"open","sticky":false,"template":"","format":"standard","meta":{"footnotes":""},"categories":[49],"tags":[57,59],"class_list":["post-1799","post","type-post","status-publish","format-standard","has-post-thumbnail","hentry","category-noticies","tag-grues","tag-obra-civil-ca"],"yoast_head":"<!-- This site is optimized with the Yoast SEO plugin v27.4 - https:\/\/yoast.com\/product\/yoast-seo-wordpress\/ -->\n<title>Retirada del pont provisional de l&#039;Av. Jacquard de Terrassa - Gruas Serrat<\/title>\n<meta name=\"description\" content=\"Retirada del pont provisional de l&#039;Av. Jacquard de Terrassa . Llegeix aquesta i altres noticies al Bloc de Gruas Serrat.\" \/>\n<meta name=\"robots\" content=\"index, follow, max-snippet:-1, max-image-preview:large, max-video-preview:-1\" \/>\n<link rel=\"canonical\" href=\"https:\/\/gruasserrat.com\/ca\/retirada-pont-provisional-av-jacquard-terrassa\/\" \/>\n<meta property=\"og:locale\" content=\"ca_ES\" \/>\n<meta property=\"og:type\" content=\"article\" \/>\n<meta property=\"og:title\" content=\"Retirada del pont provisional de l&#039;Av. Jacquard de Terrassa - Gruas Serrat\" \/>\n<meta property=\"og:description\" content=\"Retirada del pont provisional de l&#039;Av. Jacquard de Terrassa . Llegeix aquesta i altres noticies al Bloc de Gruas Serrat.\" \/>\n<meta property=\"og:url\" content=\"https:\/\/gruasserrat.com\/ca\/retirada-pont-provisional-av-jacquard-terrassa\/\" \/>\n<meta property=\"og:site_name\" content=\"Gruas Serrat\" \/>\n<meta property=\"article:published_time\" content=\"2014-08-24T17:56:26+00:00\" \/>\n<meta property=\"article:modified_time\" content=\"2019-12-02T10:02:27+00:00\" \/>\n<meta property=\"og:image\" content=\"https:\/\/gruasserrat.com\/wp-content\/uploads\/2014\/08\/3290_0001-730x1030.jpg\" \/>\n\t<meta property=\"og:image:width\" content=\"730\" \/>\n\t<meta property=\"og:image:height\" content=\"1030\" \/>\n\t<meta property=\"og:image:type\" content=\"image\/jpeg\" \/>\n<meta name=\"author\" content=\"Maria Isabel\" \/>\n<meta name=\"twitter:card\" content=\"summary_large_image\" \/>\n<meta name=\"twitter:label1\" content=\"Escrit per\" \/>\n\t<meta name=\"twitter:data1\" content=\"Maria Isabel\" \/>\n<script type=\"application\/ld+json\" class=\"yoast-schema-graph\">{\"@context\":\"https:\\\/\\\/schema.org\",\"@graph\":[{\"@type\":\"Article\",\"@id\":\"https:\\\/\\\/gruasserrat.com\\\/ca\\\/retirada-pont-provisional-av-jacquard-terrassa\\\/#article\",\"isPartOf\":{\"@id\":\"https:\\\/\\\/gruasserrat.com\\\/ca\\\/retirada-pont-provisional-av-jacquard-terrassa\\\/\"},\"author\":{\"name\":\"Maria Isabel\",\"@id\":\"https:\\\/\\\/gruasserrat.com\\\/#\\\/schema\\\/person\\\/cf69a24588aa0bc87daf604d7f079d26\"},\"headline\":\"Retirada del pont provisional de l&#8217;Av. Jacquard de Terrassa\",\"datePublished\":\"2014-08-24T17:56:26+00:00\",\"dateModified\":\"2019-12-02T10:02:27+00:00\",\"mainEntityOfPage\":{\"@id\":\"https:\\\/\\\/gruasserrat.com\\\/ca\\\/retirada-pont-provisional-av-jacquard-terrassa\\\/\"},\"wordCount\":112,\"commentCount\":0,\"publisher\":{\"@id\":\"https:\\\/\\\/gruasserrat.com\\\/#organization\"},\"image\":{\"@id\":\"https:\\\/\\\/gruasserrat.com\\\/ca\\\/retirada-pont-provisional-av-jacquard-terrassa\\\/#primaryimage\"},\"thumbnailUrl\":\"https:\\\/\\\/gruasserrat.com\\\/wp-content\\\/uploads\\\/2014\\\/08\\\/3290_0001.jpg\",\"keywords\":[\"grues\",\"obra civil\"],\"articleSection\":[\"Not\u00edcies\"],\"inLanguage\":\"ca\"},{\"@type\":\"WebPage\",\"@id\":\"https:\\\/\\\/gruasserrat.com\\\/ca\\\/retirada-pont-provisional-av-jacquard-terrassa\\\/\",\"url\":\"https:\\\/\\\/gruasserrat.com\\\/ca\\\/retirada-pont-provisional-av-jacquard-terrassa\\\/\",\"name\":\"Retirada del pont provisional de l'Av. Jacquard de Terrassa - Gruas Serrat\",\"isPartOf\":{\"@id\":\"https:\\\/\\\/gruasserrat.com\\\/#website\"},\"primaryImageOfPage\":{\"@id\":\"https:\\\/\\\/gruasserrat.com\\\/ca\\\/retirada-pont-provisional-av-jacquard-terrassa\\\/#primaryimage\"},\"image\":{\"@id\":\"https:\\\/\\\/gruasserrat.com\\\/ca\\\/retirada-pont-provisional-av-jacquard-terrassa\\\/#primaryimage\"},\"thumbnailUrl\":\"https:\\\/\\\/gruasserrat.com\\\/wp-content\\\/uploads\\\/2014\\\/08\\\/3290_0001.jpg\",\"datePublished\":\"2014-08-24T17:56:26+00:00\",\"dateModified\":\"2019-12-02T10:02:27+00:00\",\"description\":\"Retirada del pont provisional de l'Av. Jacquard de Terrassa . Llegeix aquesta i altres noticies al Bloc de Gruas Serrat.\",\"breadcrumb\":{\"@id\":\"https:\\\/\\\/gruasserrat.com\\\/ca\\\/retirada-pont-provisional-av-jacquard-terrassa\\\/#breadcrumb\"},\"inLanguage\":\"ca\",\"potentialAction\":[{\"@type\":\"ReadAction\",\"target\":[\"https:\\\/\\\/gruasserrat.com\\\/ca\\\/retirada-pont-provisional-av-jacquard-terrassa\\\/\"]}]},{\"@type\":\"ImageObject\",\"inLanguage\":\"ca\",\"@id\":\"https:\\\/\\\/gruasserrat.com\\\/ca\\\/retirada-pont-provisional-av-jacquard-terrassa\\\/#primaryimage\",\"url\":\"https:\\\/\\\/gruasserrat.com\\\/wp-content\\\/uploads\\\/2014\\\/08\\\/3290_0001.jpg\",\"contentUrl\":\"https:\\\/\\\/gruasserrat.com\\\/wp-content\\\/uploads\\\/2014\\\/08\\\/3290_0001.jpg\",\"width\":2496,\"height\":3520},{\"@type\":\"BreadcrumbList\",\"@id\":\"https:\\\/\\\/gruasserrat.com\\\/ca\\\/retirada-pont-provisional-av-jacquard-terrassa\\\/#breadcrumb\",\"itemListElement\":[{\"@type\":\"ListItem\",\"position\":1,\"name\":\"Portada\",\"item\":\"https:\\\/\\\/gruasserrat.com\\\/ca\\\/gruas-serrat\\\/\"},{\"@type\":\"ListItem\",\"position\":2,\"name\":\"Retirada del pont provisional de l&#8217;Av. Jacquard de Terrassa\"}]},{\"@type\":\"WebSite\",\"@id\":\"https:\\\/\\\/gruasserrat.com\\\/#website\",\"url\":\"https:\\\/\\\/gruasserrat.com\\\/\",\"name\":\"Gruas Serrat\",\"description\":\"Alquiler de gr\u00faas I Lloguer de grues\",\"publisher\":{\"@id\":\"https:\\\/\\\/gruasserrat.com\\\/#organization\"},\"potentialAction\":[{\"@type\":\"SearchAction\",\"target\":{\"@type\":\"EntryPoint\",\"urlTemplate\":\"https:\\\/\\\/gruasserrat.com\\\/?s={search_term_string}\"},\"query-input\":{\"@type\":\"PropertyValueSpecification\",\"valueRequired\":true,\"valueName\":\"search_term_string\"}}],\"inLanguage\":\"ca\"},{\"@type\":\"Organization\",\"@id\":\"https:\\\/\\\/gruasserrat.com\\\/#organization\",\"name\":\"Gruas Serrat\",\"url\":\"https:\\\/\\\/gruasserrat.com\\\/\",\"logo\":{\"@type\":\"ImageObject\",\"inLanguage\":\"ca\",\"@id\":\"https:\\\/\\\/gruasserrat.com\\\/#\\\/schema\\\/logo\\\/image\\\/\",\"url\":\"https:\\\/\\\/gruasserrat.com\\\/wp-content\\\/uploads\\\/2019\\\/04\\\/logo-1-GS.png\",\"contentUrl\":\"https:\\\/\\\/gruasserrat.com\\\/wp-content\\\/uploads\\\/2019\\\/04\\\/logo-1-GS.png\",\"width\":416,\"height\":148,\"caption\":\"Gruas Serrat\"},\"image\":{\"@id\":\"https:\\\/\\\/gruasserrat.com\\\/#\\\/schema\\\/logo\\\/image\\\/\"}},{\"@type\":\"Person\",\"@id\":\"https:\\\/\\\/gruasserrat.com\\\/#\\\/schema\\\/person\\\/cf69a24588aa0bc87daf604d7f079d26\",\"name\":\"Maria Isabel\",\"url\":\"https:\\\/\\\/gruasserrat.com\\\/ca\\\/author\\\/maria-isabel\\\/\"}]}<\/script>\n<!-- \/ Yoast SEO plugin. -->","yoast_head_json":{"title":"Retirada del pont provisional de l'Av. Jacquard de Terrassa - Gruas Serrat","description":"Retirada del pont provisional de l'Av. Jacquard de Terrassa . Llegeix aquesta i altres noticies al Bloc de Gruas Serrat.","robots":{"index":"index","follow":"follow","max-snippet":"max-snippet:-1","max-image-preview":"max-image-preview:large","max-video-preview":"max-video-preview:-1"},"canonical":"https:\/\/gruasserrat.com\/ca\/retirada-pont-provisional-av-jacquard-terrassa\/","og_locale":"ca_ES","og_type":"article","og_title":"Retirada del pont provisional de l'Av. Jacquard de Terrassa - Gruas Serrat","og_description":"Retirada del pont provisional de l'Av. Jacquard de Terrassa . Llegeix aquesta i altres noticies al Bloc de Gruas Serrat.","og_url":"https:\/\/gruasserrat.com\/ca\/retirada-pont-provisional-av-jacquard-terrassa\/","og_site_name":"Gruas Serrat","article_published_time":"2014-08-24T17:56:26+00:00","article_modified_time":"2019-12-02T10:02:27+00:00","og_image":[{"width":730,"height":1030,"url":"https:\/\/gruasserrat.com\/wp-content\/uploads\/2014\/08\/3290_0001-730x1030.jpg","type":"image\/jpeg"}],"author":"Maria Isabel","twitter_card":"summary_large_image","twitter_misc":{"Escrit per":"Maria Isabel"},"schema":{"@context":"https:\/\/schema.org","@graph":[{"@type":"Article","@id":"https:\/\/gruasserrat.com\/ca\/retirada-pont-provisional-av-jacquard-terrassa\/#article","isPartOf":{"@id":"https:\/\/gruasserrat.com\/ca\/retirada-pont-provisional-av-jacquard-terrassa\/"},"author":{"name":"Maria Isabel","@id":"https:\/\/gruasserrat.com\/#\/schema\/person\/cf69a24588aa0bc87daf604d7f079d26"},"headline":"Retirada del pont provisional de l&#8217;Av. Jacquard de Terrassa","datePublished":"2014-08-24T17:56:26+00:00","dateModified":"2019-12-02T10:02:27+00:00","mainEntityOfPage":{"@id":"https:\/\/gruasserrat.com\/ca\/retirada-pont-provisional-av-jacquard-terrassa\/"},"wordCount":112,"commentCount":0,"publisher":{"@id":"https:\/\/gruasserrat.com\/#organization"},"image":{"@id":"https:\/\/gruasserrat.com\/ca\/retirada-pont-provisional-av-jacquard-terrassa\/#primaryimage"},"thumbnailUrl":"https:\/\/gruasserrat.com\/wp-content\/uploads\/2014\/08\/3290_0001.jpg","keywords":["grues","obra civil"],"articleSection":["Not\u00edcies"],"inLanguage":"ca"},{"@type":"WebPage","@id":"https:\/\/gruasserrat.com\/ca\/retirada-pont-provisional-av-jacquard-terrassa\/","url":"https:\/\/gruasserrat.com\/ca\/retirada-pont-provisional-av-jacquard-terrassa\/","name":"Retirada del pont provisional de l'Av. Jacquard de Terrassa - Gruas Serrat","isPartOf":{"@id":"https:\/\/gruasserrat.com\/#website"},"primaryImageOfPage":{"@id":"https:\/\/gruasserrat.com\/ca\/retirada-pont-provisional-av-jacquard-terrassa\/#primaryimage"},"image":{"@id":"https:\/\/gruasserrat.com\/ca\/retirada-pont-provisional-av-jacquard-terrassa\/#primaryimage"},"thumbnailUrl":"https:\/\/gruasserrat.com\/wp-content\/uploads\/2014\/08\/3290_0001.jpg","datePublished":"2014-08-24T17:56:26+00:00","dateModified":"2019-12-02T10:02:27+00:00","description":"Retirada del pont provisional de l'Av. Jacquard de Terrassa . Llegeix aquesta i altres noticies al Bloc de Gruas Serrat.","breadcrumb":{"@id":"https:\/\/gruasserrat.com\/ca\/retirada-pont-provisional-av-jacquard-terrassa\/#breadcrumb"},"inLanguage":"ca","potentialAction":[{"@type":"ReadAction","target":["https:\/\/gruasserrat.com\/ca\/retirada-pont-provisional-av-jacquard-terrassa\/"]}]},{"@type":"ImageObject","inLanguage":"ca","@id":"https:\/\/gruasserrat.com\/ca\/retirada-pont-provisional-av-jacquard-terrassa\/#primaryimage","url":"https:\/\/gruasserrat.com\/wp-content\/uploads\/2014\/08\/3290_0001.jpg","contentUrl":"https:\/\/gruasserrat.com\/wp-content\/uploads\/2014\/08\/3290_0001.jpg","width":2496,"height":3520},{"@type":"BreadcrumbList","@id":"https:\/\/gruasserrat.com\/ca\/retirada-pont-provisional-av-jacquard-terrassa\/#breadcrumb","itemListElement":[{"@type":"ListItem","position":1,"name":"Portada","item":"https:\/\/gruasserrat.com\/ca\/gruas-serrat\/"},{"@type":"ListItem","position":2,"name":"Retirada del pont provisional de l&#8217;Av. Jacquard de Terrassa"}]},{"@type":"WebSite","@id":"https:\/\/gruasserrat.com\/#website","url":"https:\/\/gruasserrat.com\/","name":"Gruas Serrat","description":"Alquiler de gr\u00faas I Lloguer de grues","publisher":{"@id":"https:\/\/gruasserrat.com\/#organization"},"potentialAction":[{"@type":"SearchAction","target":{"@type":"EntryPoint","urlTemplate":"https:\/\/gruasserrat.com\/?s={search_term_string}"},"query-input":{"@type":"PropertyValueSpecification","valueRequired":true,"valueName":"search_term_string"}}],"inLanguage":"ca"},{"@type":"Organization","@id":"https:\/\/gruasserrat.com\/#organization","name":"Gruas Serrat","url":"https:\/\/gruasserrat.com\/","logo":{"@type":"ImageObject","inLanguage":"ca","@id":"https:\/\/gruasserrat.com\/#\/schema\/logo\/image\/","url":"https:\/\/gruasserrat.com\/wp-content\/uploads\/2019\/04\/logo-1-GS.png","contentUrl":"https:\/\/gruasserrat.com\/wp-content\/uploads\/2019\/04\/logo-1-GS.png","width":416,"height":148,"caption":"Gruas Serrat"},"image":{"@id":"https:\/\/gruasserrat.com\/#\/schema\/logo\/image\/"}},{"@type":"Person","@id":"https:\/\/gruasserrat.com\/#\/schema\/person\/cf69a24588aa0bc87daf604d7f079d26","name":"Maria Isabel","url":"https:\/\/gruasserrat.com\/ca\/author\/maria-isabel\/"}]}},"_links":{"self":[{"href":"https:\/\/gruasserrat.com\/ca\/wp-json\/wp\/v2\/posts\/1799","targetHints":{"allow":["GET"]}}],"collection":[{"href":"https:\/\/gruasserrat.com\/ca\/wp-json\/wp\/v2\/posts"}],"about":[{"href":"https:\/\/gruasserrat.com\/ca\/wp-json\/wp\/v2\/types\/post"}],"author":[{"embeddable":true,"href":"https:\/\/gruasserrat.com\/ca\/wp-json\/wp\/v2\/users\/4"}],"replies":[{"embeddable":true,"href":"https:\/\/gruasserrat.com\/ca\/wp-json\/wp\/v2\/comments?post=1799"}],"version-history":[{"count":5,"href":"https:\/\/gruasserrat.com\/ca\/wp-json\/wp\/v2\/posts\/1799\/revisions"}],"predecessor-version":[{"id":2199,"href":"https:\/\/gruasserrat.com\/ca\/wp-json\/wp\/v2\/posts\/1799\/revisions\/2199"}],"wp:featuredmedia":[{"embeddable":true,"href":"https:\/\/gruasserrat.com\/ca\/wp-json\/wp\/v2\/media\/1578"}],"wp:attachment":[{"href":"https:\/\/gruasserrat.com\/ca\/wp-json\/wp\/v2\/media?parent=1799"}],"wp:term":[{"taxonomy":"category","embeddable":true,"href":"https:\/\/gruasserrat.com\/ca\/wp-json\/wp\/v2\/categories?post=1799"},{"taxonomy":"post_tag","embeddable":true,"href":"https:\/\/gruasserrat.com\/ca\/wp-json\/wp\/v2\/tags?post=1799"}],"curies":[{"name":"wp","href":"https:\/\/api.w.org\/{rel}","templated":true}]}}