{"id":1800,"date":"2013-12-24T18:48:06","date_gmt":"2013-12-24T17:48:06","guid":{"rendered":"https:\/\/gruasserrat.com\/entry-with-post-format-video\/"},"modified":"2019-12-02T10:59:24","modified_gmt":"2019-12-02T09:59:24","slug":"la-nova-mk88-a-interempresas-net","status":"publish","type":"post","link":"https:\/\/gruasserrat.com\/ca\/la-nova-mk88-a-interempresas-net\/","title":{"rendered":"La nova MK88 a Interempresas.net"},"content":{"rendered":"<blockquote><p>El passat 7 de juny de 2019 la plataforma digital <a href=\"https:\/\/www.interempresas.net\/Elevacion\/Articulos\/247097-Entregada-la-primera-grua-movil-MK-88-de-Liebherr-en-Espana.html\" target=\"_blank\" rel=\"noopener noreferrer\">INTEREMPRESAS.NET<\/a>,\u00a0 va publicar a la seva p\u00e0gina digital l&#8217;arribada a la nostra empresa de la Nova MK 88.<\/p>\n<p>&nbsp;<\/p><\/blockquote>\n<p><!--more--><\/p>\n<p>Interempresas.net \u00e9s la plataforma n\u00famero 1 de la ind\u00fastria en llengua espanyola amb m\u00e9s de 600.000 professionals registrats, que es va fer ress\u00f2 del lliurament per part de la coneguda empresa LIEBHERR de grues de la nova grua MK 88. Una grua torre sobre cami\u00f3, de disseny compacte i molt maniobrable.<\/p>\n<p>La MK88 est\u00e0 especialment indicada per a Treballs en centres urbans. Tan mateix a aquests tipus grues se les anomena &#8220;Grua taxi&#8221; ja que s\u00f3n molt adaptables i id\u00f2nies per a tasques d&#8217;elevaci\u00f3 programades a curt termini.<\/p>\n<p>D&#8217;una banda, necessita molt poc espai, pot col\u00b7locar-se directament al costat de l&#8217;edifici i, per aix\u00f2, compta amb un enorme abast. D&#8217;altra banda, \u00e9s molt silenciosa gr\u00e0cies al seu accionament el\u00e8ctric: tot un avantatge per a treballs nocturns.<\/p>\n","protected":false},"excerpt":{"rendered":"<p>El passat 7 de juny de 2019 la plataforma digital INTEREMPRESAS.NET,\u00a0 va publicar a la seva p\u00e0gina digital l&#8217;arribada a la nostra empresa de la Nova MK 88. &nbsp;<\/p>\n","protected":false},"author":4,"featured_media":1580,"comment_status":"open","ping_status":"open","sticky":false,"template":"","format":"video","meta":{"footnotes":""},"categories":[49],"tags":[57,58],"class_list":["post-1800","post","type-post","status-publish","format-video","has-post-thumbnail","hentry","category-noticies","tag-grues","tag-grues-especials","post_format-post-format-video"],"yoast_head":"<!-- This site is optimized with the Yoast SEO plugin v27.4 - https:\/\/yoast.com\/product\/yoast-seo-wordpress\/ -->\n<title>La nova MK88 a Interempresas.net - Gruas Serrat<\/title>\n<meta name=\"description\" content=\"La nova MK88 a Interempresas.net . Llegeix aquesta i altres noticies al Bloc de Gruas Serrat.\" \/>\n<meta name=\"robots\" content=\"index, follow, max-snippet:-1, max-image-preview:large, max-video-preview:-1\" \/>\n<link rel=\"canonical\" href=\"https:\/\/gruasserrat.com\/ca\/la-nova-mk88-a-interempresas-net\/\" \/>\n<meta property=\"og:locale\" content=\"ca_ES\" \/>\n<meta property=\"og:type\" content=\"article\" \/>\n<meta property=\"og:title\" content=\"La nova MK88 a Interempresas.net - Gruas Serrat\" \/>\n<meta property=\"og:description\" content=\"La nova MK88 a Interempresas.net . Llegeix aquesta i altres noticies al Bloc de Gruas Serrat.\" \/>\n<meta property=\"og:url\" content=\"https:\/\/gruasserrat.com\/ca\/la-nova-mk88-a-interempresas-net\/\" \/>\n<meta property=\"og:site_name\" content=\"Gruas Serrat\" \/>\n<meta property=\"article:published_time\" content=\"2013-12-24T17:48:06+00:00\" \/>\n<meta property=\"article:modified_time\" content=\"2019-12-02T09:59:24+00:00\" \/>\n<meta property=\"og:image\" content=\"https:\/\/gruasserrat.com\/wp-content\/uploads\/2013\/12\/mk-88-a-la-porxada.jpeg\" \/>\n\t<meta property=\"og:image:width\" content=\"1750\" \/>\n\t<meta property=\"og:image:height\" content=\"1000\" \/>\n\t<meta property=\"og:image:type\" content=\"image\/jpeg\" \/>\n<meta name=\"author\" content=\"Maria Isabel\" \/>\n<meta name=\"twitter:card\" content=\"summary_large_image\" \/>\n<meta name=\"twitter:label1\" content=\"Escrit per\" \/>\n\t<meta name=\"twitter:data1\" content=\"Maria Isabel\" \/>\n\t<meta name=\"twitter:label2\" content=\"Temps estimat de lectura\" \/>\n\t<meta name=\"twitter:data2\" content=\"1 minut\" \/>\n<script type=\"application\/ld+json\" class=\"yoast-schema-graph\">{\"@context\":\"https:\\\/\\\/schema.org\",\"@graph\":[{\"@type\":\"Article\",\"@id\":\"https:\\\/\\\/gruasserrat.com\\\/ca\\\/la-nova-mk88-a-interempresas-net\\\/#article\",\"isPartOf\":{\"@id\":\"https:\\\/\\\/gruasserrat.com\\\/ca\\\/la-nova-mk88-a-interempresas-net\\\/\"},\"author\":{\"name\":\"Maria Isabel\",\"@id\":\"https:\\\/\\\/gruasserrat.com\\\/#\\\/schema\\\/person\\\/cf69a24588aa0bc87daf604d7f079d26\"},\"headline\":\"La nova MK88 a Interempresas.net\",\"datePublished\":\"2013-12-24T17:48:06+00:00\",\"dateModified\":\"2019-12-02T09:59:24+00:00\",\"mainEntityOfPage\":{\"@id\":\"https:\\\/\\\/gruasserrat.com\\\/ca\\\/la-nova-mk88-a-interempresas-net\\\/\"},\"wordCount\":171,\"commentCount\":0,\"publisher\":{\"@id\":\"https:\\\/\\\/gruasserrat.com\\\/#organization\"},\"image\":{\"@id\":\"https:\\\/\\\/gruasserrat.com\\\/ca\\\/la-nova-mk88-a-interempresas-net\\\/#primaryimage\"},\"thumbnailUrl\":\"https:\\\/\\\/gruasserrat.com\\\/wp-content\\\/uploads\\\/2013\\\/12\\\/mk-88-a-la-porxada.jpeg\",\"keywords\":[\"grues\",\"grues especials\"],\"articleSection\":[\"Not\u00edcies\"],\"inLanguage\":\"ca\"},{\"@type\":\"WebPage\",\"@id\":\"https:\\\/\\\/gruasserrat.com\\\/ca\\\/la-nova-mk88-a-interempresas-net\\\/\",\"url\":\"https:\\\/\\\/gruasserrat.com\\\/ca\\\/la-nova-mk88-a-interempresas-net\\\/\",\"name\":\"La nova MK88 a Interempresas.net - Gruas Serrat\",\"isPartOf\":{\"@id\":\"https:\\\/\\\/gruasserrat.com\\\/#website\"},\"primaryImageOfPage\":{\"@id\":\"https:\\\/\\\/gruasserrat.com\\\/ca\\\/la-nova-mk88-a-interempresas-net\\\/#primaryimage\"},\"image\":{\"@id\":\"https:\\\/\\\/gruasserrat.com\\\/ca\\\/la-nova-mk88-a-interempresas-net\\\/#primaryimage\"},\"thumbnailUrl\":\"https:\\\/\\\/gruasserrat.com\\\/wp-content\\\/uploads\\\/2013\\\/12\\\/mk-88-a-la-porxada.jpeg\",\"datePublished\":\"2013-12-24T17:48:06+00:00\",\"dateModified\":\"2019-12-02T09:59:24+00:00\",\"description\":\"La nova MK88 a Interempresas.net . Llegeix aquesta i altres noticies al Bloc de Gruas Serrat.\",\"breadcrumb\":{\"@id\":\"https:\\\/\\\/gruasserrat.com\\\/ca\\\/la-nova-mk88-a-interempresas-net\\\/#breadcrumb\"},\"inLanguage\":\"ca\",\"potentialAction\":[{\"@type\":\"ReadAction\",\"target\":[\"https:\\\/\\\/gruasserrat.com\\\/ca\\\/la-nova-mk88-a-interempresas-net\\\/\"]}]},{\"@type\":\"ImageObject\",\"inLanguage\":\"ca\",\"@id\":\"https:\\\/\\\/gruasserrat.com\\\/ca\\\/la-nova-mk88-a-interempresas-net\\\/#primaryimage\",\"url\":\"https:\\\/\\\/gruasserrat.com\\\/wp-content\\\/uploads\\\/2013\\\/12\\\/mk-88-a-la-porxada.jpeg\",\"contentUrl\":\"https:\\\/\\\/gruasserrat.com\\\/wp-content\\\/uploads\\\/2013\\\/12\\\/mk-88-a-la-porxada.jpeg\",\"width\":1750,\"height\":1000},{\"@type\":\"BreadcrumbList\",\"@id\":\"https:\\\/\\\/gruasserrat.com\\\/ca\\\/la-nova-mk88-a-interempresas-net\\\/#breadcrumb\",\"itemListElement\":[{\"@type\":\"ListItem\",\"position\":1,\"name\":\"Portada\",\"item\":\"https:\\\/\\\/gruasserrat.com\\\/ca\\\/gruas-serrat\\\/\"},{\"@type\":\"ListItem\",\"position\":2,\"name\":\"La nova MK88 a Interempresas.net\"}]},{\"@type\":\"WebSite\",\"@id\":\"https:\\\/\\\/gruasserrat.com\\\/#website\",\"url\":\"https:\\\/\\\/gruasserrat.com\\\/\",\"name\":\"Gruas Serrat\",\"description\":\"Alquiler de gr\u00faas I Lloguer de grues\",\"publisher\":{\"@id\":\"https:\\\/\\\/gruasserrat.com\\\/#organization\"},\"potentialAction\":[{\"@type\":\"SearchAction\",\"target\":{\"@type\":\"EntryPoint\",\"urlTemplate\":\"https:\\\/\\\/gruasserrat.com\\\/?s={search_term_string}\"},\"query-input\":{\"@type\":\"PropertyValueSpecification\",\"valueRequired\":true,\"valueName\":\"search_term_string\"}}],\"inLanguage\":\"ca\"},{\"@type\":\"Organization\",\"@id\":\"https:\\\/\\\/gruasserrat.com\\\/#organization\",\"name\":\"Gruas Serrat\",\"url\":\"https:\\\/\\\/gruasserrat.com\\\/\",\"logo\":{\"@type\":\"ImageObject\",\"inLanguage\":\"ca\",\"@id\":\"https:\\\/\\\/gruasserrat.com\\\/#\\\/schema\\\/logo\\\/image\\\/\",\"url\":\"https:\\\/\\\/gruasserrat.com\\\/wp-content\\\/uploads\\\/2019\\\/04\\\/logo-1-GS.png\",\"contentUrl\":\"https:\\\/\\\/gruasserrat.com\\\/wp-content\\\/uploads\\\/2019\\\/04\\\/logo-1-GS.png\",\"width\":416,\"height\":148,\"caption\":\"Gruas Serrat\"},\"image\":{\"@id\":\"https:\\\/\\\/gruasserrat.com\\\/#\\\/schema\\\/logo\\\/image\\\/\"}},{\"@type\":\"Person\",\"@id\":\"https:\\\/\\\/gruasserrat.com\\\/#\\\/schema\\\/person\\\/cf69a24588aa0bc87daf604d7f079d26\",\"name\":\"Maria Isabel\",\"url\":\"https:\\\/\\\/gruasserrat.com\\\/ca\\\/author\\\/maria-isabel\\\/\"}]}<\/script>\n<!-- \/ Yoast SEO plugin. -->","yoast_head_json":{"title":"La nova MK88 a Interempresas.net - Gruas Serrat","description":"La nova MK88 a Interempresas.net . Llegeix aquesta i altres noticies al Bloc de Gruas Serrat.","robots":{"index":"index","follow":"follow","max-snippet":"max-snippet:-1","max-image-preview":"max-image-preview:large","max-video-preview":"max-video-preview:-1"},"canonical":"https:\/\/gruasserrat.com\/ca\/la-nova-mk88-a-interempresas-net\/","og_locale":"ca_ES","og_type":"article","og_title":"La nova MK88 a Interempresas.net - Gruas Serrat","og_description":"La nova MK88 a Interempresas.net . Llegeix aquesta i altres noticies al Bloc de Gruas Serrat.","og_url":"https:\/\/gruasserrat.com\/ca\/la-nova-mk88-a-interempresas-net\/","og_site_name":"Gruas Serrat","article_published_time":"2013-12-24T17:48:06+00:00","article_modified_time":"2019-12-02T09:59:24+00:00","og_image":[{"width":1750,"height":1000,"url":"https:\/\/gruasserrat.com\/wp-content\/uploads\/2013\/12\/mk-88-a-la-porxada.jpeg","type":"image\/jpeg"}],"author":"Maria Isabel","twitter_card":"summary_large_image","twitter_misc":{"Escrit per":"Maria Isabel","Temps estimat de lectura":"1 minut"},"schema":{"@context":"https:\/\/schema.org","@graph":[{"@type":"Article","@id":"https:\/\/gruasserrat.com\/ca\/la-nova-mk88-a-interempresas-net\/#article","isPartOf":{"@id":"https:\/\/gruasserrat.com\/ca\/la-nova-mk88-a-interempresas-net\/"},"author":{"name":"Maria Isabel","@id":"https:\/\/gruasserrat.com\/#\/schema\/person\/cf69a24588aa0bc87daf604d7f079d26"},"headline":"La nova MK88 a Interempresas.net","datePublished":"2013-12-24T17:48:06+00:00","dateModified":"2019-12-02T09:59:24+00:00","mainEntityOfPage":{"@id":"https:\/\/gruasserrat.com\/ca\/la-nova-mk88-a-interempresas-net\/"},"wordCount":171,"commentCount":0,"publisher":{"@id":"https:\/\/gruasserrat.com\/#organization"},"image":{"@id":"https:\/\/gruasserrat.com\/ca\/la-nova-mk88-a-interempresas-net\/#primaryimage"},"thumbnailUrl":"https:\/\/gruasserrat.com\/wp-content\/uploads\/2013\/12\/mk-88-a-la-porxada.jpeg","keywords":["grues","grues especials"],"articleSection":["Not\u00edcies"],"inLanguage":"ca"},{"@type":"WebPage","@id":"https:\/\/gruasserrat.com\/ca\/la-nova-mk88-a-interempresas-net\/","url":"https:\/\/gruasserrat.com\/ca\/la-nova-mk88-a-interempresas-net\/","name":"La nova MK88 a Interempresas.net - Gruas Serrat","isPartOf":{"@id":"https:\/\/gruasserrat.com\/#website"},"primaryImageOfPage":{"@id":"https:\/\/gruasserrat.com\/ca\/la-nova-mk88-a-interempresas-net\/#primaryimage"},"image":{"@id":"https:\/\/gruasserrat.com\/ca\/la-nova-mk88-a-interempresas-net\/#primaryimage"},"thumbnailUrl":"https:\/\/gruasserrat.com\/wp-content\/uploads\/2013\/12\/mk-88-a-la-porxada.jpeg","datePublished":"2013-12-24T17:48:06+00:00","dateModified":"2019-12-02T09:59:24+00:00","description":"La nova MK88 a Interempresas.net . Llegeix aquesta i altres noticies al Bloc de Gruas Serrat.","breadcrumb":{"@id":"https:\/\/gruasserrat.com\/ca\/la-nova-mk88-a-interempresas-net\/#breadcrumb"},"inLanguage":"ca","potentialAction":[{"@type":"ReadAction","target":["https:\/\/gruasserrat.com\/ca\/la-nova-mk88-a-interempresas-net\/"]}]},{"@type":"ImageObject","inLanguage":"ca","@id":"https:\/\/gruasserrat.com\/ca\/la-nova-mk88-a-interempresas-net\/#primaryimage","url":"https:\/\/gruasserrat.com\/wp-content\/uploads\/2013\/12\/mk-88-a-la-porxada.jpeg","contentUrl":"https:\/\/gruasserrat.com\/wp-content\/uploads\/2013\/12\/mk-88-a-la-porxada.jpeg","width":1750,"height":1000},{"@type":"BreadcrumbList","@id":"https:\/\/gruasserrat.com\/ca\/la-nova-mk88-a-interempresas-net\/#breadcrumb","itemListElement":[{"@type":"ListItem","position":1,"name":"Portada","item":"https:\/\/gruasserrat.com\/ca\/gruas-serrat\/"},{"@type":"ListItem","position":2,"name":"La nova MK88 a Interempresas.net"}]},{"@type":"WebSite","@id":"https:\/\/gruasserrat.com\/#website","url":"https:\/\/gruasserrat.com\/","name":"Gruas Serrat","description":"Alquiler de gr\u00faas I Lloguer de grues","publisher":{"@id":"https:\/\/gruasserrat.com\/#organization"},"potentialAction":[{"@type":"SearchAction","target":{"@type":"EntryPoint","urlTemplate":"https:\/\/gruasserrat.com\/?s={search_term_string}"},"query-input":{"@type":"PropertyValueSpecification","valueRequired":true,"valueName":"search_term_string"}}],"inLanguage":"ca"},{"@type":"Organization","@id":"https:\/\/gruasserrat.com\/#organization","name":"Gruas Serrat","url":"https:\/\/gruasserrat.com\/","logo":{"@type":"ImageObject","inLanguage":"ca","@id":"https:\/\/gruasserrat.com\/#\/schema\/logo\/image\/","url":"https:\/\/gruasserrat.com\/wp-content\/uploads\/2019\/04\/logo-1-GS.png","contentUrl":"https:\/\/gruasserrat.com\/wp-content\/uploads\/2019\/04\/logo-1-GS.png","width":416,"height":148,"caption":"Gruas Serrat"},"image":{"@id":"https:\/\/gruasserrat.com\/#\/schema\/logo\/image\/"}},{"@type":"Person","@id":"https:\/\/gruasserrat.com\/#\/schema\/person\/cf69a24588aa0bc87daf604d7f079d26","name":"Maria Isabel","url":"https:\/\/gruasserrat.com\/ca\/author\/maria-isabel\/"}]}},"_links":{"self":[{"href":"https:\/\/gruasserrat.com\/ca\/wp-json\/wp\/v2\/posts\/1800","targetHints":{"allow":["GET"]}}],"collection":[{"href":"https:\/\/gruasserrat.com\/ca\/wp-json\/wp\/v2\/posts"}],"about":[{"href":"https:\/\/gruasserrat.com\/ca\/wp-json\/wp\/v2\/types\/post"}],"author":[{"embeddable":true,"href":"https:\/\/gruasserrat.com\/ca\/wp-json\/wp\/v2\/users\/4"}],"replies":[{"embeddable":true,"href":"https:\/\/gruasserrat.com\/ca\/wp-json\/wp\/v2\/comments?post=1800"}],"version-history":[{"count":5,"href":"https:\/\/gruasserrat.com\/ca\/wp-json\/wp\/v2\/posts\/1800\/revisions"}],"predecessor-version":[{"id":2195,"href":"https:\/\/gruasserrat.com\/ca\/wp-json\/wp\/v2\/posts\/1800\/revisions\/2195"}],"wp:featuredmedia":[{"embeddable":true,"href":"https:\/\/gruasserrat.com\/ca\/wp-json\/wp\/v2\/media\/1580"}],"wp:attachment":[{"href":"https:\/\/gruasserrat.com\/ca\/wp-json\/wp\/v2\/media?parent=1800"}],"wp:term":[{"taxonomy":"category","embeddable":true,"href":"https:\/\/gruasserrat.com\/ca\/wp-json\/wp\/v2\/categories?post=1800"},{"taxonomy":"post_tag","embeddable":true,"href":"https:\/\/gruasserrat.com\/ca\/wp-json\/wp\/v2\/tags?post=1800"}],"curies":[{"name":"wp","href":"https:\/\/api.w.org\/{rel}","templated":true}]}}