{"id":2382,"date":"2020-06-10T12:43:34","date_gmt":"2020-06-10T11:43:34","guid":{"rendered":"https:\/\/gruasserrat.com\/?p=2382"},"modified":"2020-06-11T08:11:51","modified_gmt":"2020-06-11T07:11:51","slug":"las-todo-terreno-de-luna","status":"publish","type":"post","link":"https:\/\/gruasserrat.com\/ca\/las-todo-terreno-de-luna\/","title":{"rendered":"Les tot terreny de LUNA"},"content":{"rendered":"<blockquote>\n<h3><strong>Cuando el camino es dif\u00edcil la vida te vuelve todo terreno. <\/strong><\/h3>\n<h6 style=\"text-align: center;\">(del blog de AUTOROLAND 4X4)<\/h6>\n<\/blockquote>\n<p>&nbsp;<\/p>\n<p><img decoding=\"async\" class=\"size-full wp-image-2355 alignleft\" src=\"https:\/\/gruasserrat.com\/wp-content\/uploads\/2020\/06\/logoluna.gif\" alt=\"gSerrat - logo de LUNA equipos industriales SA de Huesca\" width=\"250\" height=\"90\" \/><\/p>\n<p>Parlar de cotxes tot terreny (4&#215;4) ja no ens sona rar. Per\u00f2 si ho comparem que des que es va fabricar el primer all\u00e0 per 1907 per Paul Daimler (Mercedes) per a la Secretaria de les Col\u00f2nies alemanyes a l&#8217;\u00c0frica, fins que es va comercialitzar per al p\u00fablic en general, sent el m\u00e9s conegut el \u00a0Jeep-Willys Overland- 1941\/1945 de l&#8217;exercit estatunidenc,\u00a0 han passat ni m\u00e9s ni menys que gaireb\u00e9 40 anys, no \u00e9s d&#8217;estranyar doncs, que les primeres grues tot terreny que van entrar a Espanya fossin les estatunidenques GROVE i BANTAM all\u00e0 pels anys 70, denominades les lentes perqu\u00e8 la seva velocitat en carretera era similar a la d&#8217;un tractor de l&#8217;\u00e8poca. I no va ser fins a principis dels 80 que van arribar les r\u00e0pides que ja circulaven per carretera a m\u00e9s de 60 km\/h.<\/p>\n<div id=\"attachment_2357\" style=\"width: 310px\" class=\"wp-caption alignright\"><img decoding=\"async\" aria-describedby=\"caption-attachment-2357\" class=\"wp-image-2357\" src=\"https:\/\/gruasserrat.com\/wp-content\/uploads\/2020\/06\/20200609104950445_0001-1030x696.jpg\" alt=\"Visita a Luna Equipos industriales - GSerrat\" width=\"300\" height=\"203\" srcset=\"https:\/\/gruasserrat.com\/wp-content\/uploads\/2020\/06\/20200609104950445_0001-1030x696.jpg 1030w, https:\/\/gruasserrat.com\/wp-content\/uploads\/2020\/06\/20200609104950445_0001-300x203.jpg 300w, https:\/\/gruasserrat.com\/wp-content\/uploads\/2020\/06\/20200609104950445_0001-768x519.jpg 768w, https:\/\/gruasserrat.com\/wp-content\/uploads\/2020\/06\/20200609104950445_0001-705x477.jpg 705w, https:\/\/gruasserrat.com\/wp-content\/uploads\/2020\/06\/20200609104950445_0001-450x304.jpg 450w, https:\/\/gruasserrat.com\/wp-content\/uploads\/2020\/06\/20200609104950445_0001.jpg 1148w\" sizes=\"(max-width: 300px) 100vw, 300px\" \/><p id=\"caption-attachment-2357\" class=\"wp-caption-text\">de derecha a izquierda: Sr. Molero, y Sr. Angel Malo de LEMAN, Sr. Josep Serrat y su hijo Rosendo Serrat de Gruas Serrat.<\/p><\/div>\n<p>&nbsp;<\/p>\n<p>Tot aix\u00f2 ve a col\u00b7laci\u00f3 perqu\u00e8 la primera grua tot terreny r\u00e0pida fabricada a Espanya, es va construir a l&#8217;empresa <strong>LUNA EQUIPOS INDUSTRIALES SA<\/strong> d&#8217;Osca dirigida pel Sr. Manuel Luna (1931-2007), en estreta col\u00b7laboraci\u00f3 amb el fundador de Gruas Serrat, el Sr, Josep Serrat (1931-2017) i el Sr. Francisco Minguella ( 1937-2006) de Grues Minguella de Bellpuig (Lleida), els dos grans amics.<\/p>\n<p>&nbsp;<\/p>\n<p>&nbsp;<\/p>\n<p><img decoding=\"async\" class=\"wp-image-2365 alignleft\" src=\"https:\/\/gruasserrat.com\/wp-content\/uploads\/2020\/06\/Sr.-Serrat-colaborando-1030x702.jpg\" alt=\"El Sr. Josep Serrat en plena colaboraci\u00f3n con los mecanicos de LUNA\" width=\"276\" height=\"188\" srcset=\"https:\/\/gruasserrat.com\/wp-content\/uploads\/2020\/06\/Sr.-Serrat-colaborando-1030x702.jpg 1030w, https:\/\/gruasserrat.com\/wp-content\/uploads\/2020\/06\/Sr.-Serrat-colaborando-300x205.jpg 300w, https:\/\/gruasserrat.com\/wp-content\/uploads\/2020\/06\/Sr.-Serrat-colaborando-768x524.jpg 768w, https:\/\/gruasserrat.com\/wp-content\/uploads\/2020\/06\/Sr.-Serrat-colaborando-705x481.jpg 705w, https:\/\/gruasserrat.com\/wp-content\/uploads\/2020\/06\/Sr.-Serrat-colaborando-450x307.jpg 450w, https:\/\/gruasserrat.com\/wp-content\/uploads\/2020\/06\/Sr.-Serrat-colaborando.jpg 1157w\" sizes=\"(max-width: 276px) 100vw, 276px\" \/><\/p>\n<p>Sent mec\u00e0nics de formaci\u00f3 i \u00e0mplia experi\u00e8ncia, no \u00e9s d&#8217;estranyar que acabessin dissenyant-la i construint-la. De tots \u00e9s coneguda la tenacitat amb qu\u00e8 el Sr. Josep Serrat s&#8217;involucrava en la fabricaci\u00f3 de les grues LUNA que comprava, que li feia viatjar a Osca de 2 a 3 vegades al mes per a interessar-se per com anaven els treballs i poder aportar la seva experi\u00e8ncia en el maneig de grues per si es podia millorar algun dels seus components.<\/p>\n<p>&nbsp;<\/p>\n<p>&nbsp;<\/p>\n<p>Diferents moments del proc\u00e9s de fabricaci\u00f3.<\/p>\n<p><img decoding=\"async\" class=\"wp-image-2359 aligncenter\" src=\"https:\/\/gruasserrat.com\/wp-content\/uploads\/2020\/06\/Chasis-en-construccion-tile-lkogo-1030x708.jpg\" alt=\"\" width=\"557\" height=\"383\" srcset=\"https:\/\/gruasserrat.com\/wp-content\/uploads\/2020\/06\/Chasis-en-construccion-tile-lkogo-1030x708.jpg 1030w, https:\/\/gruasserrat.com\/wp-content\/uploads\/2020\/06\/Chasis-en-construccion-tile-lkogo-300x206.jpg 300w, https:\/\/gruasserrat.com\/wp-content\/uploads\/2020\/06\/Chasis-en-construccion-tile-lkogo-768x528.jpg 768w, https:\/\/gruasserrat.com\/wp-content\/uploads\/2020\/06\/Chasis-en-construccion-tile-lkogo-1536x1056.jpg 1536w, https:\/\/gruasserrat.com\/wp-content\/uploads\/2020\/06\/Chasis-en-construccion-tile-lkogo-2048x1408.jpg 2048w, https:\/\/gruasserrat.com\/wp-content\/uploads\/2020\/06\/Chasis-en-construccion-tile-lkogo-1500x1031.jpg 1500w, https:\/\/gruasserrat.com\/wp-content\/uploads\/2020\/06\/Chasis-en-construccion-tile-lkogo-705x485.jpg 705w, https:\/\/gruasserrat.com\/wp-content\/uploads\/2020\/06\/Chasis-en-construccion-tile-lkogo-450x309.jpg 450w\" sizes=\"(max-width: 557px) 100vw, 557px\" \/><\/p>\n<p>a tall de\u00a0 curiositat, fixeu-vos que la configuraci\u00f3 de la grua en ordre de marxa era amb el cap\u00e7al de la ploma de la grua orientat cap a la part posterior.<\/p>\n<p><img decoding=\"async\" class=\"aligncenter wp-image-2371\" title=\"GSerrat - Prototipo grua todo terreno LUNA\" src=\"https:\/\/gruasserrat.com\/wp-content\/uploads\/2020\/06\/prototipo-Grua-LUNA-todoterreno-1030x707.jpg\" alt=\"GSerrat - prototipo grua LUNA todoterreno\" width=\"580\" height=\"399\" srcset=\"https:\/\/gruasserrat.com\/wp-content\/uploads\/2020\/06\/prototipo-Grua-LUNA-todoterreno-1030x707.jpg 1030w, https:\/\/gruasserrat.com\/wp-content\/uploads\/2020\/06\/prototipo-Grua-LUNA-todoterreno-300x206.jpg 300w, https:\/\/gruasserrat.com\/wp-content\/uploads\/2020\/06\/prototipo-Grua-LUNA-todoterreno-768x527.jpg 768w, https:\/\/gruasserrat.com\/wp-content\/uploads\/2020\/06\/prototipo-Grua-LUNA-todoterreno-1536x1054.jpg 1536w, https:\/\/gruasserrat.com\/wp-content\/uploads\/2020\/06\/prototipo-Grua-LUNA-todoterreno-1500x1029.jpg 1500w, https:\/\/gruasserrat.com\/wp-content\/uploads\/2020\/06\/prototipo-Grua-LUNA-todoterreno-705x484.jpg 705w, https:\/\/gruasserrat.com\/wp-content\/uploads\/2020\/06\/prototipo-Grua-LUNA-todoterreno-450x309.jpg 450w, https:\/\/gruasserrat.com\/wp-content\/uploads\/2020\/06\/prototipo-Grua-LUNA-todoterreno.jpg 1710w\" sizes=\"(max-width: 580px) 100vw, 580px\" \/><\/p>\n<p>Evidentement les dues primeres grues&#8221;prototips&#8221; foren per Gruas Minguella y Gruas Serrat.<\/p>\n<div id=\"attachment_2361\" style=\"width: 594px\" class=\"wp-caption aligncenter\"><img decoding=\"async\" aria-describedby=\"caption-attachment-2361\" class=\" wp-image-2361\" src=\"https:\/\/gruasserrat.com\/wp-content\/uploads\/2020\/06\/grua-finalizada-1030x681.jpg\" alt=\"Controlando los procesos y ultimando los detalles\" width=\"584\" height=\"386\" srcset=\"https:\/\/gruasserrat.com\/wp-content\/uploads\/2020\/06\/grua-finalizada-1030x681.jpg 1030w, https:\/\/gruasserrat.com\/wp-content\/uploads\/2020\/06\/grua-finalizada-300x198.jpg 300w, https:\/\/gruasserrat.com\/wp-content\/uploads\/2020\/06\/grua-finalizada-768x508.jpg 768w, https:\/\/gruasserrat.com\/wp-content\/uploads\/2020\/06\/grua-finalizada-705x466.jpg 705w, https:\/\/gruasserrat.com\/wp-content\/uploads\/2020\/06\/grua-finalizada-450x298.jpg 450w, https:\/\/gruasserrat.com\/wp-content\/uploads\/2020\/06\/grua-finalizada.jpg 1182w\" sizes=\"(max-width: 584px) 100vw, 584px\" \/><p id=\"caption-attachment-2361\" class=\"wp-caption-text\">Desde la derecha: el Sr. Josep Serrat, el Sr. Francesc Minguella, Rosendo Serrat i Tom\u00e1s Minguella<\/p><\/div>\n<p>&nbsp;<\/p>\n<p><img decoding=\"async\" class=\"wp-image-2363 aligncenter\" src=\"https:\/\/gruasserrat.com\/wp-content\/uploads\/2020\/06\/Prototips-acabats-logos-1030x676.jpg\" alt=\"Presentaci\u00f3n de los 2 primeros prototipos de grua todo terreno r\u00e1pida - 1987\" width=\"789\" height=\"518\" srcset=\"https:\/\/gruasserrat.com\/wp-content\/uploads\/2020\/06\/Prototips-acabats-logos-1030x676.jpg 1030w, https:\/\/gruasserrat.com\/wp-content\/uploads\/2020\/06\/Prototips-acabats-logos-300x197.jpg 300w, https:\/\/gruasserrat.com\/wp-content\/uploads\/2020\/06\/Prototips-acabats-logos-768x504.jpg 768w, https:\/\/gruasserrat.com\/wp-content\/uploads\/2020\/06\/Prototips-acabats-logos-1536x1008.jpg 1536w, https:\/\/gruasserrat.com\/wp-content\/uploads\/2020\/06\/Prototips-acabats-logos-1500x985.jpg 1500w, https:\/\/gruasserrat.com\/wp-content\/uploads\/2020\/06\/Prototips-acabats-logos-705x463.jpg 705w, https:\/\/gruasserrat.com\/wp-content\/uploads\/2020\/06\/Prototips-acabats-logos-450x295.jpg 450w, https:\/\/gruasserrat.com\/wp-content\/uploads\/2020\/06\/Prototips-acabats-logos.jpg 1842w\" sizes=\"(max-width: 789px) 100vw, 789px\" \/><\/p>\n<p>Tot aix\u00f2 passava al setembre de 1987.<\/p>\n<p>En la actualitat Industrias LUNA ja no est\u00e0 en funcionament, per\u00f2 si algunes de les seves grues como la nostra LUNA AT 35 del a\u00f1o 2000.<\/p>\n<div id=\"attachment_2367\" style=\"width: 890px\" class=\"wp-caption aligncenter\"><img decoding=\"async\" aria-describedby=\"caption-attachment-2367\" class=\"wp-image-2367\" title=\"Gruas Serrat - LUNA AT \/32\" src=\"https:\/\/gruasserrat.com\/wp-content\/uploads\/2020\/06\/Luna-AT-35-12-1030x773.jpg\" alt=\"GSerrat - LUNA AT 35\/32\" width=\"880\" height=\"661\" srcset=\"https:\/\/gruasserrat.com\/wp-content\/uploads\/2020\/06\/Luna-AT-35-12-1030x773.jpg 1030w, https:\/\/gruasserrat.com\/wp-content\/uploads\/2020\/06\/Luna-AT-35-12-300x225.jpg 300w, https:\/\/gruasserrat.com\/wp-content\/uploads\/2020\/06\/Luna-AT-35-12-768x576.jpg 768w, https:\/\/gruasserrat.com\/wp-content\/uploads\/2020\/06\/Luna-AT-35-12-1536x1152.jpg 1536w, https:\/\/gruasserrat.com\/wp-content\/uploads\/2020\/06\/Luna-AT-35-12-2048x1536.jpg 2048w, https:\/\/gruasserrat.com\/wp-content\/uploads\/2020\/06\/Luna-AT-35-12-1500x1125.jpg 1500w, https:\/\/gruasserrat.com\/wp-content\/uploads\/2020\/06\/Luna-AT-35-12-705x529.jpg 705w, https:\/\/gruasserrat.com\/wp-content\/uploads\/2020\/06\/Luna-AT-35-12-450x338.jpg 450w\" sizes=\"(max-width: 880px) 100vw, 880px\" \/><p id=\"caption-attachment-2367\" class=\"wp-caption-text\">GSerrat Luna AT 35\/32<\/p><\/div>\n<p>&nbsp;<\/p>\n<p>&nbsp;<\/p>\n<h6>Totes les fotos\u00a0 s\u00f3n propietat de Rosendo Serrat que ens les ha cedit.<\/h6>\n<p>#gruasmoviles #gruasserrat #gruastodoterreno #historiadelasgruas<\/p>\n<p>&nbsp;<\/p>\n<p>&nbsp;<\/p>\n<p>&nbsp;<\/p>\n<p>&nbsp;<\/p>\n<p>&nbsp;<\/p>\n<p>&nbsp;<\/p>\n<p>&nbsp;<\/p>\n<p>&nbsp;<\/p>\n<p>&nbsp;<\/p>\n<p>&nbsp;<\/p>\n<p>&nbsp;<\/p>\n","protected":false},"excerpt":{"rendered":"<p>Cuando el camino es dif\u00edcil la vida te vuelve todo terreno. (del blog de AUTOROLAND 4X4) &nbsp; Parlar de cotxes tot terreny (4&#215;4) ja no ens sona rar. Per\u00f2 si ho comparem que des que es va fabricar el primer all\u00e0 per 1907 per Paul Daimler (Mercedes) per a la Secretaria de les Col\u00f2nies alemanyes [&hellip;]<\/p>\n","protected":false},"author":4,"featured_media":2375,"comment_status":"open","ping_status":"open","sticky":false,"template":"","format":"standard","meta":{"footnotes":""},"categories":[49],"tags":[57,89],"class_list":["post-2382","post","type-post","status-publish","format-standard","has-post-thumbnail","hentry","category-noticies","tag-grues","tag-hitoria-ca"],"yoast_head":"<!-- This site is optimized with the Yoast SEO plugin v27.4 - https:\/\/yoast.com\/product\/yoast-seo-wordpress\/ -->\n<title>Les tot terreny de LUNA - Gruas Serrat<\/title>\n<meta name=\"description\" content=\"Les tot terreny de LUNA . Llegeix aquesta i altres noticies al Bloc de Gruas Serrat.\" \/>\n<meta name=\"robots\" content=\"index, follow, max-snippet:-1, max-image-preview:large, max-video-preview:-1\" \/>\n<link rel=\"canonical\" href=\"https:\/\/gruasserrat.com\/ca\/las-todo-terreno-de-luna\/\" \/>\n<meta property=\"og:locale\" content=\"ca_ES\" \/>\n<meta property=\"og:type\" content=\"article\" \/>\n<meta property=\"og:title\" content=\"Les tot terreny de LUNA - Gruas Serrat\" \/>\n<meta property=\"og:description\" content=\"Les tot terreny de LUNA . Llegeix aquesta i altres noticies al Bloc de Gruas Serrat.\" \/>\n<meta property=\"og:url\" content=\"https:\/\/gruasserrat.com\/ca\/las-todo-terreno-de-luna\/\" \/>\n<meta property=\"og:site_name\" content=\"Gruas Serrat\" \/>\n<meta property=\"article:published_time\" content=\"2020-06-10T11:43:34+00:00\" \/>\n<meta property=\"article:modified_time\" content=\"2020-06-11T07:11:51+00:00\" \/>\n<meta property=\"og:image\" content=\"https:\/\/gruasserrat.com\/wp-content\/uploads\/2020\/06\/Luna-AT-35-12-1.jpg\" \/>\n\t<meta property=\"og:image:width\" content=\"800\" \/>\n\t<meta property=\"og:image:height\" content=\"600\" \/>\n\t<meta property=\"og:image:type\" content=\"image\/jpeg\" \/>\n<meta name=\"author\" content=\"Maria Isabel\" \/>\n<meta name=\"twitter:card\" content=\"summary_large_image\" \/>\n<meta name=\"twitter:label1\" content=\"Escrit per\" \/>\n\t<meta name=\"twitter:data1\" content=\"Maria Isabel\" \/>\n\t<meta name=\"twitter:label2\" content=\"Temps estimat de lectura\" \/>\n\t<meta name=\"twitter:data2\" content=\"2 minuts\" \/>\n<script type=\"application\/ld+json\" class=\"yoast-schema-graph\">{\"@context\":\"https:\\\/\\\/schema.org\",\"@graph\":[{\"@type\":\"Article\",\"@id\":\"https:\\\/\\\/gruasserrat.com\\\/ca\\\/las-todo-terreno-de-luna\\\/#article\",\"isPartOf\":{\"@id\":\"https:\\\/\\\/gruasserrat.com\\\/ca\\\/las-todo-terreno-de-luna\\\/\"},\"author\":{\"name\":\"Maria Isabel\",\"@id\":\"https:\\\/\\\/gruasserrat.com\\\/#\\\/schema\\\/person\\\/cf69a24588aa0bc87daf604d7f079d26\"},\"headline\":\"Les tot terreny de LUNA\",\"datePublished\":\"2020-06-10T11:43:34+00:00\",\"dateModified\":\"2020-06-11T07:11:51+00:00\",\"mainEntityOfPage\":{\"@id\":\"https:\\\/\\\/gruasserrat.com\\\/ca\\\/las-todo-terreno-de-luna\\\/\"},\"wordCount\":497,\"commentCount\":0,\"publisher\":{\"@id\":\"https:\\\/\\\/gruasserrat.com\\\/#organization\"},\"image\":{\"@id\":\"https:\\\/\\\/gruasserrat.com\\\/ca\\\/las-todo-terreno-de-luna\\\/#primaryimage\"},\"thumbnailUrl\":\"https:\\\/\\\/gruasserrat.com\\\/wp-content\\\/uploads\\\/2020\\\/06\\\/Luna-AT-35-12-1.jpg\",\"keywords\":[\"grues\",\"hit\u00f2ria\"],\"articleSection\":[\"Not\u00edcies\"],\"inLanguage\":\"ca\"},{\"@type\":\"WebPage\",\"@id\":\"https:\\\/\\\/gruasserrat.com\\\/ca\\\/las-todo-terreno-de-luna\\\/\",\"url\":\"https:\\\/\\\/gruasserrat.com\\\/ca\\\/las-todo-terreno-de-luna\\\/\",\"name\":\"Les tot terreny de LUNA - Gruas Serrat\",\"isPartOf\":{\"@id\":\"https:\\\/\\\/gruasserrat.com\\\/#website\"},\"primaryImageOfPage\":{\"@id\":\"https:\\\/\\\/gruasserrat.com\\\/ca\\\/las-todo-terreno-de-luna\\\/#primaryimage\"},\"image\":{\"@id\":\"https:\\\/\\\/gruasserrat.com\\\/ca\\\/las-todo-terreno-de-luna\\\/#primaryimage\"},\"thumbnailUrl\":\"https:\\\/\\\/gruasserrat.com\\\/wp-content\\\/uploads\\\/2020\\\/06\\\/Luna-AT-35-12-1.jpg\",\"datePublished\":\"2020-06-10T11:43:34+00:00\",\"dateModified\":\"2020-06-11T07:11:51+00:00\",\"description\":\"Les tot terreny de LUNA . Llegeix aquesta i altres noticies al Bloc de Gruas Serrat.\",\"breadcrumb\":{\"@id\":\"https:\\\/\\\/gruasserrat.com\\\/ca\\\/las-todo-terreno-de-luna\\\/#breadcrumb\"},\"inLanguage\":\"ca\",\"potentialAction\":[{\"@type\":\"ReadAction\",\"target\":[\"https:\\\/\\\/gruasserrat.com\\\/ca\\\/las-todo-terreno-de-luna\\\/\"]}]},{\"@type\":\"ImageObject\",\"inLanguage\":\"ca\",\"@id\":\"https:\\\/\\\/gruasserrat.com\\\/ca\\\/las-todo-terreno-de-luna\\\/#primaryimage\",\"url\":\"https:\\\/\\\/gruasserrat.com\\\/wp-content\\\/uploads\\\/2020\\\/06\\\/Luna-AT-35-12-1.jpg\",\"contentUrl\":\"https:\\\/\\\/gruasserrat.com\\\/wp-content\\\/uploads\\\/2020\\\/06\\\/Luna-AT-35-12-1.jpg\",\"width\":800,\"height\":600,\"caption\":\"Gruas Serrat - Grua todo terreno LUNA AT 35\\\/32\"},{\"@type\":\"BreadcrumbList\",\"@id\":\"https:\\\/\\\/gruasserrat.com\\\/ca\\\/las-todo-terreno-de-luna\\\/#breadcrumb\",\"itemListElement\":[{\"@type\":\"ListItem\",\"position\":1,\"name\":\"Portada\",\"item\":\"https:\\\/\\\/gruasserrat.com\\\/ca\\\/gruas-serrat\\\/\"},{\"@type\":\"ListItem\",\"position\":2,\"name\":\"Les tot terreny de LUNA\"}]},{\"@type\":\"WebSite\",\"@id\":\"https:\\\/\\\/gruasserrat.com\\\/#website\",\"url\":\"https:\\\/\\\/gruasserrat.com\\\/\",\"name\":\"Gruas Serrat\",\"description\":\"Alquiler de gr\u00faas I Lloguer de grues\",\"publisher\":{\"@id\":\"https:\\\/\\\/gruasserrat.com\\\/#organization\"},\"potentialAction\":[{\"@type\":\"SearchAction\",\"target\":{\"@type\":\"EntryPoint\",\"urlTemplate\":\"https:\\\/\\\/gruasserrat.com\\\/?s={search_term_string}\"},\"query-input\":{\"@type\":\"PropertyValueSpecification\",\"valueRequired\":true,\"valueName\":\"search_term_string\"}}],\"inLanguage\":\"ca\"},{\"@type\":\"Organization\",\"@id\":\"https:\\\/\\\/gruasserrat.com\\\/#organization\",\"name\":\"Gruas Serrat\",\"url\":\"https:\\\/\\\/gruasserrat.com\\\/\",\"logo\":{\"@type\":\"ImageObject\",\"inLanguage\":\"ca\",\"@id\":\"https:\\\/\\\/gruasserrat.com\\\/#\\\/schema\\\/logo\\\/image\\\/\",\"url\":\"https:\\\/\\\/gruasserrat.com\\\/wp-content\\\/uploads\\\/2019\\\/04\\\/logo-1-GS.png\",\"contentUrl\":\"https:\\\/\\\/gruasserrat.com\\\/wp-content\\\/uploads\\\/2019\\\/04\\\/logo-1-GS.png\",\"width\":416,\"height\":148,\"caption\":\"Gruas Serrat\"},\"image\":{\"@id\":\"https:\\\/\\\/gruasserrat.com\\\/#\\\/schema\\\/logo\\\/image\\\/\"}},{\"@type\":\"Person\",\"@id\":\"https:\\\/\\\/gruasserrat.com\\\/#\\\/schema\\\/person\\\/cf69a24588aa0bc87daf604d7f079d26\",\"name\":\"Maria Isabel\",\"url\":\"https:\\\/\\\/gruasserrat.com\\\/ca\\\/author\\\/maria-isabel\\\/\"}]}<\/script>\n<!-- \/ Yoast SEO plugin. -->","yoast_head_json":{"title":"Les tot terreny de LUNA - Gruas Serrat","description":"Les tot terreny de LUNA . Llegeix aquesta i altres noticies al Bloc de Gruas Serrat.","robots":{"index":"index","follow":"follow","max-snippet":"max-snippet:-1","max-image-preview":"max-image-preview:large","max-video-preview":"max-video-preview:-1"},"canonical":"https:\/\/gruasserrat.com\/ca\/las-todo-terreno-de-luna\/","og_locale":"ca_ES","og_type":"article","og_title":"Les tot terreny de LUNA - Gruas Serrat","og_description":"Les tot terreny de LUNA . Llegeix aquesta i altres noticies al Bloc de Gruas Serrat.","og_url":"https:\/\/gruasserrat.com\/ca\/las-todo-terreno-de-luna\/","og_site_name":"Gruas Serrat","article_published_time":"2020-06-10T11:43:34+00:00","article_modified_time":"2020-06-11T07:11:51+00:00","og_image":[{"width":800,"height":600,"url":"https:\/\/gruasserrat.com\/wp-content\/uploads\/2020\/06\/Luna-AT-35-12-1.jpg","type":"image\/jpeg"}],"author":"Maria Isabel","twitter_card":"summary_large_image","twitter_misc":{"Escrit per":"Maria Isabel","Temps estimat de lectura":"2 minuts"},"schema":{"@context":"https:\/\/schema.org","@graph":[{"@type":"Article","@id":"https:\/\/gruasserrat.com\/ca\/las-todo-terreno-de-luna\/#article","isPartOf":{"@id":"https:\/\/gruasserrat.com\/ca\/las-todo-terreno-de-luna\/"},"author":{"name":"Maria Isabel","@id":"https:\/\/gruasserrat.com\/#\/schema\/person\/cf69a24588aa0bc87daf604d7f079d26"},"headline":"Les tot terreny de LUNA","datePublished":"2020-06-10T11:43:34+00:00","dateModified":"2020-06-11T07:11:51+00:00","mainEntityOfPage":{"@id":"https:\/\/gruasserrat.com\/ca\/las-todo-terreno-de-luna\/"},"wordCount":497,"commentCount":0,"publisher":{"@id":"https:\/\/gruasserrat.com\/#organization"},"image":{"@id":"https:\/\/gruasserrat.com\/ca\/las-todo-terreno-de-luna\/#primaryimage"},"thumbnailUrl":"https:\/\/gruasserrat.com\/wp-content\/uploads\/2020\/06\/Luna-AT-35-12-1.jpg","keywords":["grues","hit\u00f2ria"],"articleSection":["Not\u00edcies"],"inLanguage":"ca"},{"@type":"WebPage","@id":"https:\/\/gruasserrat.com\/ca\/las-todo-terreno-de-luna\/","url":"https:\/\/gruasserrat.com\/ca\/las-todo-terreno-de-luna\/","name":"Les tot terreny de LUNA - Gruas Serrat","isPartOf":{"@id":"https:\/\/gruasserrat.com\/#website"},"primaryImageOfPage":{"@id":"https:\/\/gruasserrat.com\/ca\/las-todo-terreno-de-luna\/#primaryimage"},"image":{"@id":"https:\/\/gruasserrat.com\/ca\/las-todo-terreno-de-luna\/#primaryimage"},"thumbnailUrl":"https:\/\/gruasserrat.com\/wp-content\/uploads\/2020\/06\/Luna-AT-35-12-1.jpg","datePublished":"2020-06-10T11:43:34+00:00","dateModified":"2020-06-11T07:11:51+00:00","description":"Les tot terreny de LUNA . Llegeix aquesta i altres noticies al Bloc de Gruas Serrat.","breadcrumb":{"@id":"https:\/\/gruasserrat.com\/ca\/las-todo-terreno-de-luna\/#breadcrumb"},"inLanguage":"ca","potentialAction":[{"@type":"ReadAction","target":["https:\/\/gruasserrat.com\/ca\/las-todo-terreno-de-luna\/"]}]},{"@type":"ImageObject","inLanguage":"ca","@id":"https:\/\/gruasserrat.com\/ca\/las-todo-terreno-de-luna\/#primaryimage","url":"https:\/\/gruasserrat.com\/wp-content\/uploads\/2020\/06\/Luna-AT-35-12-1.jpg","contentUrl":"https:\/\/gruasserrat.com\/wp-content\/uploads\/2020\/06\/Luna-AT-35-12-1.jpg","width":800,"height":600,"caption":"Gruas Serrat - Grua todo terreno LUNA AT 35\/32"},{"@type":"BreadcrumbList","@id":"https:\/\/gruasserrat.com\/ca\/las-todo-terreno-de-luna\/#breadcrumb","itemListElement":[{"@type":"ListItem","position":1,"name":"Portada","item":"https:\/\/gruasserrat.com\/ca\/gruas-serrat\/"},{"@type":"ListItem","position":2,"name":"Les tot terreny de LUNA"}]},{"@type":"WebSite","@id":"https:\/\/gruasserrat.com\/#website","url":"https:\/\/gruasserrat.com\/","name":"Gruas Serrat","description":"Alquiler de gr\u00faas I Lloguer de grues","publisher":{"@id":"https:\/\/gruasserrat.com\/#organization"},"potentialAction":[{"@type":"SearchAction","target":{"@type":"EntryPoint","urlTemplate":"https:\/\/gruasserrat.com\/?s={search_term_string}"},"query-input":{"@type":"PropertyValueSpecification","valueRequired":true,"valueName":"search_term_string"}}],"inLanguage":"ca"},{"@type":"Organization","@id":"https:\/\/gruasserrat.com\/#organization","name":"Gruas Serrat","url":"https:\/\/gruasserrat.com\/","logo":{"@type":"ImageObject","inLanguage":"ca","@id":"https:\/\/gruasserrat.com\/#\/schema\/logo\/image\/","url":"https:\/\/gruasserrat.com\/wp-content\/uploads\/2019\/04\/logo-1-GS.png","contentUrl":"https:\/\/gruasserrat.com\/wp-content\/uploads\/2019\/04\/logo-1-GS.png","width":416,"height":148,"caption":"Gruas Serrat"},"image":{"@id":"https:\/\/gruasserrat.com\/#\/schema\/logo\/image\/"}},{"@type":"Person","@id":"https:\/\/gruasserrat.com\/#\/schema\/person\/cf69a24588aa0bc87daf604d7f079d26","name":"Maria Isabel","url":"https:\/\/gruasserrat.com\/ca\/author\/maria-isabel\/"}]}},"_links":{"self":[{"href":"https:\/\/gruasserrat.com\/ca\/wp-json\/wp\/v2\/posts\/2382","targetHints":{"allow":["GET"]}}],"collection":[{"href":"https:\/\/gruasserrat.com\/ca\/wp-json\/wp\/v2\/posts"}],"about":[{"href":"https:\/\/gruasserrat.com\/ca\/wp-json\/wp\/v2\/types\/post"}],"author":[{"embeddable":true,"href":"https:\/\/gruasserrat.com\/ca\/wp-json\/wp\/v2\/users\/4"}],"replies":[{"embeddable":true,"href":"https:\/\/gruasserrat.com\/ca\/wp-json\/wp\/v2\/comments?post=2382"}],"version-history":[{"count":5,"href":"https:\/\/gruasserrat.com\/ca\/wp-json\/wp\/v2\/posts\/2382\/revisions"}],"predecessor-version":[{"id":2391,"href":"https:\/\/gruasserrat.com\/ca\/wp-json\/wp\/v2\/posts\/2382\/revisions\/2391"}],"wp:featuredmedia":[{"embeddable":true,"href":"https:\/\/gruasserrat.com\/ca\/wp-json\/wp\/v2\/media\/2375"}],"wp:attachment":[{"href":"https:\/\/gruasserrat.com\/ca\/wp-json\/wp\/v2\/media?parent=2382"}],"wp:term":[{"taxonomy":"category","embeddable":true,"href":"https:\/\/gruasserrat.com\/ca\/wp-json\/wp\/v2\/categories?post=2382"},{"taxonomy":"post_tag","embeddable":true,"href":"https:\/\/gruasserrat.com\/ca\/wp-json\/wp\/v2\/tags?post=2382"}],"curies":[{"name":"wp","href":"https:\/\/api.w.org\/{rel}","templated":true}]}}