{"id":2404,"date":"2019-11-22T14:01:56","date_gmt":"2019-11-22T13:01:56","guid":{"rendered":"https:\/\/gruasserrat.com\/preparando-el-barcelona-open-banc-sabadell-2019\/"},"modified":"2020-06-17T09:24:55","modified_gmt":"2020-06-17T08:24:55","slug":"preparando-el-barcelona-open-banc-sabadell-2019","status":"publish","type":"post","link":"https:\/\/gruasserrat.com\/ca\/preparando-el-barcelona-open-banc-sabadell-2019\/","title":{"rendered":"Preparant el Barcelona Open Banc Sabadell &#8211; 2019"},"content":{"rendered":"<p>El BARCELONA OPEN BANC SABADELL, conegut popularment com el \u201cEL GOD\u00d3\u201d i que se celebra a Barcelona cada primavera en el Real Club de Tennis Barcelona-1899 des de 1953, ha arribat a ser no sols l&#8217;esdeveniment esportiu m\u00e9s important\u00a0 que se celebra anualment, sin\u00f3 un dels esdeveniments socials de major resson\u00e0ncia. No en va ha estat reconegut com a millor torneig de la categoria ATP500.<\/p>\n<p>Molt pocs tornejos en el m\u00f3n s\u00f3n organitzats per un club. Aquest si. El\u00a0Barelona\u00a0Open\u00a0Banc\u00a0Sabadell \u00e9s una cita ineludible que permet que els millors tennistes del m\u00f3n s&#8217;acostin cada primavera a les pistes de Pedralbes.<\/p>\n<p><img decoding=\"async\" class=\"wp-image-2058 aligncenter\" src=\"https:\/\/gruasserrat.com\/wp-content\/uploads\/2019\/11\/Tenis-Barcelona-4-1.jpg\" alt=\"Gruas Serrat - Real Club de Tenis Barcelona - Abril 2019\" width=\"575\" height=\"432\" srcset=\"https:\/\/gruasserrat.com\/wp-content\/uploads\/2019\/11\/Tenis-Barcelona-4-1.jpg 1030w, https:\/\/gruasserrat.com\/wp-content\/uploads\/2019\/11\/Tenis-Barcelona-4-1-300x225.jpg 300w, https:\/\/gruasserrat.com\/wp-content\/uploads\/2019\/11\/Tenis-Barcelona-4-1-768x576.jpg 768w, https:\/\/gruasserrat.com\/wp-content\/uploads\/2019\/11\/Tenis-Barcelona-4-1-705x529.jpg 705w, https:\/\/gruasserrat.com\/wp-content\/uploads\/2019\/11\/Tenis-Barcelona-4-1-450x338.jpg 450w\" sizes=\"(max-width: 575px) 100vw, 575px\" \/><\/p>\n<p>En aquesta \u00faltima edici\u00f3 (la n\u00famero 67 des dels seus inicis) i per a condicionar les pistes 6 i 7 coneguda com la pista Rafa Nadal, s&#8217;ha procedit a la retirada dels pals de llum.<\/p>\n<p>Per a aquest servei s&#8217;ha comptat amb la nostra grua\u00a0Liebherr\u00a0LTM1220-5.2.<\/p>\n<p><img decoding=\"async\" class=\"alignnone wp-image-2060\" src=\"https:\/\/gruasserrat.com\/wp-content\/uploads\/2019\/11\/Tenis-Barcelona-2-1.jpg\" alt=\"Gruas Serrat - REal Club de Tenis Barcelona - Abril 2019\" width=\"384\" height=\"288\" srcset=\"https:\/\/gruasserrat.com\/wp-content\/uploads\/2019\/11\/Tenis-Barcelona-2-1.jpg 1030w, https:\/\/gruasserrat.com\/wp-content\/uploads\/2019\/11\/Tenis-Barcelona-2-1-300x225.jpg 300w, https:\/\/gruasserrat.com\/wp-content\/uploads\/2019\/11\/Tenis-Barcelona-2-1-768x576.jpg 768w, https:\/\/gruasserrat.com\/wp-content\/uploads\/2019\/11\/Tenis-Barcelona-2-1-705x529.jpg 705w, https:\/\/gruasserrat.com\/wp-content\/uploads\/2019\/11\/Tenis-Barcelona-2-1-450x338.jpg 450w\" sizes=\"(max-width: 384px) 100vw, 384px\" \/><\/p>\n<p>Aquesta grua compta amb 6 trams de ploma telesc\u00f2pica i\u00a0 60 m de longitud, podent arribar fins als 110 m gr\u00e0cies al plom\u00ed abatible, un radi de treball m\u00e0xim de 88 m, muntatge de contrapesos en q\u00fcesti\u00f3 de minuts ja que es col\u00b7loquen des de la cabina de la grua i compta amb el cilindre de muntatge instal\u00b7lat permanentment en la superestructura.<\/p>\n<p>\u00c9s una grua compacta, manejable i amb un pes \u00f2ptim (c\u00e0rrega sobre eix\u00a05&#215;12\u00a0tn)<\/p>\n<p>&nbsp;<\/p>\n<p><img decoding=\"async\" class=\"wp-image-2066 alignleft\" src=\"https:\/\/gruasserrat.com\/wp-content\/uploads\/2019\/11\/Tenir-Barcelona-6-687x1030.jpg\" alt=\"Gruas Serrat - Barcelona Open Banc - Abril 2019\" width=\"267\" height=\"400\" srcset=\"https:\/\/gruasserrat.com\/wp-content\/uploads\/2019\/11\/Tenir-Barcelona-6-687x1030.jpg 687w, https:\/\/gruasserrat.com\/wp-content\/uploads\/2019\/11\/Tenir-Barcelona-6-200x300.jpg 200w, https:\/\/gruasserrat.com\/wp-content\/uploads\/2019\/11\/Tenir-Barcelona-6-768x1151.jpg 768w, https:\/\/gruasserrat.com\/wp-content\/uploads\/2019\/11\/Tenir-Barcelona-6-1025x1536.jpg 1025w, https:\/\/gruasserrat.com\/wp-content\/uploads\/2019\/11\/Tenir-Barcelona-6-1367x2048.jpg 1367w, https:\/\/gruasserrat.com\/wp-content\/uploads\/2019\/11\/Tenir-Barcelona-6-1001x1500.jpg 1001w, https:\/\/gruasserrat.com\/wp-content\/uploads\/2019\/11\/Tenir-Barcelona-6-470x705.jpg 470w, https:\/\/gruasserrat.com\/wp-content\/uploads\/2019\/11\/Tenir-Barcelona-6-450x674.jpg 450w\" sizes=\"(max-width: 267px) 100vw, 267px\" \/><\/p>\n<p>Para saber m\u00e1s del Barcelona Open Banc y\u00a0 de la noticia, sigue el link<\/p>\n<p><a href=\"https:\/\/www.barcelonaopenbancsabadell.com\/es\/noticias\/la-retirada-de-los-postes-de-luz-de-la-pista-rafa-nadal-pone-en-marcha-la-operacion-montaje\" target=\"_blank\" rel=\"noopener noreferrer\">La retirada de los postes de luz<\/a><\/p>\n<p><a href=\"https:\/\/www.barcelonaopenbancsabadell.com\/es\/noticias\/barcelona-la-tierra-prometida\" target=\"_blank\" rel=\"noopener noreferrer\">Barcelona, la tierra prometida\u00a0<\/a><\/p>\n<p>&nbsp;<\/p>\n<p>&nbsp;<\/p>\n<p>&nbsp;<\/p>\n<p>&nbsp;<\/p>\n<p>&nbsp;<\/p>\n<p>&nbsp;<\/p>\n<p><img decoding=\"async\" class=\"wp-image-2062 alignnone\" src=\"https:\/\/gruasserrat.com\/wp-content\/uploads\/2019\/11\/Tenis-Barcelona-3-1.jpg\" alt=\"Gruas Serrat - Barcelona Open Banc Sabadell \" width=\"368\" height=\"277\" srcset=\"https:\/\/gruasserrat.com\/wp-content\/uploads\/2019\/11\/Tenis-Barcelona-3-1.jpg 1030w, https:\/\/gruasserrat.com\/wp-content\/uploads\/2019\/11\/Tenis-Barcelona-3-1-300x225.jpg 300w, https:\/\/gruasserrat.com\/wp-content\/uploads\/2019\/11\/Tenis-Barcelona-3-1-768x576.jpg 768w, https:\/\/gruasserrat.com\/wp-content\/uploads\/2019\/11\/Tenis-Barcelona-3-1-705x529.jpg 705w, https:\/\/gruasserrat.com\/wp-content\/uploads\/2019\/11\/Tenis-Barcelona-3-1-450x338.jpg 450w\" sizes=\"(max-width: 368px) 100vw, 368px\" \/><\/p>\n<p>&nbsp;<\/p>\n<p>&nbsp;<\/p>\n<p>Fotos de Barcelona Open Banc Sabadell<\/p>\n<p>&nbsp;<\/p>\n<p>&nbsp;<\/p>\n","protected":false},"excerpt":{"rendered":"<p>El BARCELONA OPEN BANC SABADELL, conegut popularment com el \u201cEL GOD\u00d3\u201d i que se celebra a Barcelona cada primavera en el Real Club de Tennis Barcelona-1899 des de 1953, ha arribat a ser no sols l&#8217;esdeveniment esportiu m\u00e9s important\u00a0 que se celebra anualment, sin\u00f3 un dels esdeveniments socials de major resson\u00e0ncia. No en va ha [&hellip;]<\/p>\n","protected":false},"author":4,"featured_media":2059,"comment_status":"open","ping_status":"open","sticky":false,"template":"","format":"standard","meta":{"footnotes":""},"categories":[49],"tags":[94,86,57],"class_list":["post-2404","post","type-post","status-publish","format-standard","has-post-thumbnail","hentry","category-noticies","tag-eventos-ca","tag-gruas-moviles-ca","tag-grues"],"yoast_head":"<!-- This site is optimized with the Yoast SEO plugin v27.4 - https:\/\/yoast.com\/product\/yoast-seo-wordpress\/ -->\n<title>Preparant el Barcelona Open Banc Sabadell - 2019 - Gruas Serrat<\/title>\n<meta name=\"description\" content=\"Preparant el Barcelona Open Banc Sabadell - 2019 . Llegeix aquesta i altres noticies al Bloc de Gruas Serrat.\" \/>\n<meta name=\"robots\" content=\"index, follow, max-snippet:-1, max-image-preview:large, max-video-preview:-1\" \/>\n<link rel=\"canonical\" href=\"https:\/\/gruasserrat.com\/ca\/preparando-el-barcelona-open-banc-sabadell-2019\/\" \/>\n<meta property=\"og:locale\" content=\"ca_ES\" \/>\n<meta property=\"og:type\" content=\"article\" \/>\n<meta property=\"og:title\" content=\"Preparant el Barcelona Open Banc Sabadell - 2019 - Gruas Serrat\" \/>\n<meta property=\"og:description\" content=\"Preparant el Barcelona Open Banc Sabadell - 2019 . Llegeix aquesta i altres noticies al Bloc de Gruas Serrat.\" \/>\n<meta property=\"og:url\" content=\"https:\/\/gruasserrat.com\/ca\/preparando-el-barcelona-open-banc-sabadell-2019\/\" \/>\n<meta property=\"og:site_name\" content=\"Gruas Serrat\" \/>\n<meta property=\"article:published_time\" content=\"2019-11-22T13:01:56+00:00\" \/>\n<meta property=\"article:modified_time\" content=\"2020-06-17T08:24:55+00:00\" \/>\n<meta property=\"og:image\" content=\"https:\/\/gruasserrat.com\/wp-content\/uploads\/2019\/11\/Tenis-Barcelona-4-1.jpg\" \/>\n\t<meta property=\"og:image:width\" content=\"1030\" \/>\n\t<meta property=\"og:image:height\" content=\"773\" \/>\n\t<meta property=\"og:image:type\" content=\"image\/jpeg\" \/>\n<meta name=\"author\" content=\"Maria Isabel\" \/>\n<meta name=\"twitter:card\" content=\"summary_large_image\" \/>\n<meta name=\"twitter:label1\" content=\"Escrit per\" \/>\n\t<meta name=\"twitter:data1\" content=\"Maria Isabel\" \/>\n\t<meta name=\"twitter:label2\" content=\"Temps estimat de lectura\" \/>\n\t<meta name=\"twitter:data2\" content=\"1 minut\" \/>\n<script type=\"application\/ld+json\" class=\"yoast-schema-graph\">{\"@context\":\"https:\\\/\\\/schema.org\",\"@graph\":[{\"@type\":\"Article\",\"@id\":\"https:\\\/\\\/gruasserrat.com\\\/ca\\\/preparando-el-barcelona-open-banc-sabadell-2019\\\/#article\",\"isPartOf\":{\"@id\":\"https:\\\/\\\/gruasserrat.com\\\/ca\\\/preparando-el-barcelona-open-banc-sabadell-2019\\\/\"},\"author\":{\"name\":\"Maria Isabel\",\"@id\":\"https:\\\/\\\/gruasserrat.com\\\/#\\\/schema\\\/person\\\/cf69a24588aa0bc87daf604d7f079d26\"},\"headline\":\"Preparant el Barcelona Open Banc Sabadell &#8211; 2019\",\"datePublished\":\"2019-11-22T13:01:56+00:00\",\"dateModified\":\"2020-06-17T08:24:55+00:00\",\"mainEntityOfPage\":{\"@id\":\"https:\\\/\\\/gruasserrat.com\\\/ca\\\/preparando-el-barcelona-open-banc-sabadell-2019\\\/\"},\"wordCount\":287,\"commentCount\":0,\"publisher\":{\"@id\":\"https:\\\/\\\/gruasserrat.com\\\/#organization\"},\"image\":{\"@id\":\"https:\\\/\\\/gruasserrat.com\\\/ca\\\/preparando-el-barcelona-open-banc-sabadell-2019\\\/#primaryimage\"},\"thumbnailUrl\":\"https:\\\/\\\/gruasserrat.com\\\/wp-content\\\/uploads\\\/2019\\\/11\\\/Tenis-Barcelona-4-1.jpg\",\"keywords\":[\"eventos\",\"gruas m\u00f3viles\",\"grues\"],\"articleSection\":[\"Not\u00edcies\"],\"inLanguage\":\"ca\"},{\"@type\":\"WebPage\",\"@id\":\"https:\\\/\\\/gruasserrat.com\\\/ca\\\/preparando-el-barcelona-open-banc-sabadell-2019\\\/\",\"url\":\"https:\\\/\\\/gruasserrat.com\\\/ca\\\/preparando-el-barcelona-open-banc-sabadell-2019\\\/\",\"name\":\"Preparant el Barcelona Open Banc Sabadell - 2019 - Gruas Serrat\",\"isPartOf\":{\"@id\":\"https:\\\/\\\/gruasserrat.com\\\/#website\"},\"primaryImageOfPage\":{\"@id\":\"https:\\\/\\\/gruasserrat.com\\\/ca\\\/preparando-el-barcelona-open-banc-sabadell-2019\\\/#primaryimage\"},\"image\":{\"@id\":\"https:\\\/\\\/gruasserrat.com\\\/ca\\\/preparando-el-barcelona-open-banc-sabadell-2019\\\/#primaryimage\"},\"thumbnailUrl\":\"https:\\\/\\\/gruasserrat.com\\\/wp-content\\\/uploads\\\/2019\\\/11\\\/Tenis-Barcelona-4-1.jpg\",\"datePublished\":\"2019-11-22T13:01:56+00:00\",\"dateModified\":\"2020-06-17T08:24:55+00:00\",\"description\":\"Preparant el Barcelona Open Banc Sabadell - 2019 . Llegeix aquesta i altres noticies al Bloc de Gruas Serrat.\",\"breadcrumb\":{\"@id\":\"https:\\\/\\\/gruasserrat.com\\\/ca\\\/preparando-el-barcelona-open-banc-sabadell-2019\\\/#breadcrumb\"},\"inLanguage\":\"ca\",\"potentialAction\":[{\"@type\":\"ReadAction\",\"target\":[\"https:\\\/\\\/gruasserrat.com\\\/ca\\\/preparando-el-barcelona-open-banc-sabadell-2019\\\/\"]}]},{\"@type\":\"ImageObject\",\"inLanguage\":\"ca\",\"@id\":\"https:\\\/\\\/gruasserrat.com\\\/ca\\\/preparando-el-barcelona-open-banc-sabadell-2019\\\/#primaryimage\",\"url\":\"https:\\\/\\\/gruasserrat.com\\\/wp-content\\\/uploads\\\/2019\\\/11\\\/Tenis-Barcelona-4-1.jpg\",\"contentUrl\":\"https:\\\/\\\/gruasserrat.com\\\/wp-content\\\/uploads\\\/2019\\\/11\\\/Tenis-Barcelona-4-1.jpg\",\"width\":1030,\"height\":773,\"caption\":\"Gruas Serrat - Real Club de Tenis Barcelona - Abril 2019\"},{\"@type\":\"BreadcrumbList\",\"@id\":\"https:\\\/\\\/gruasserrat.com\\\/ca\\\/preparando-el-barcelona-open-banc-sabadell-2019\\\/#breadcrumb\",\"itemListElement\":[{\"@type\":\"ListItem\",\"position\":1,\"name\":\"Portada\",\"item\":\"https:\\\/\\\/gruasserrat.com\\\/ca\\\/gruas-serrat\\\/\"},{\"@type\":\"ListItem\",\"position\":2,\"name\":\"Preparant el Barcelona Open Banc Sabadell &#8211; 2019\"}]},{\"@type\":\"WebSite\",\"@id\":\"https:\\\/\\\/gruasserrat.com\\\/#website\",\"url\":\"https:\\\/\\\/gruasserrat.com\\\/\",\"name\":\"Gruas Serrat\",\"description\":\"Alquiler de gr\u00faas I Lloguer de grues\",\"publisher\":{\"@id\":\"https:\\\/\\\/gruasserrat.com\\\/#organization\"},\"potentialAction\":[{\"@type\":\"SearchAction\",\"target\":{\"@type\":\"EntryPoint\",\"urlTemplate\":\"https:\\\/\\\/gruasserrat.com\\\/?s={search_term_string}\"},\"query-input\":{\"@type\":\"PropertyValueSpecification\",\"valueRequired\":true,\"valueName\":\"search_term_string\"}}],\"inLanguage\":\"ca\"},{\"@type\":\"Organization\",\"@id\":\"https:\\\/\\\/gruasserrat.com\\\/#organization\",\"name\":\"Gruas Serrat\",\"url\":\"https:\\\/\\\/gruasserrat.com\\\/\",\"logo\":{\"@type\":\"ImageObject\",\"inLanguage\":\"ca\",\"@id\":\"https:\\\/\\\/gruasserrat.com\\\/#\\\/schema\\\/logo\\\/image\\\/\",\"url\":\"https:\\\/\\\/gruasserrat.com\\\/wp-content\\\/uploads\\\/2019\\\/04\\\/logo-1-GS.png\",\"contentUrl\":\"https:\\\/\\\/gruasserrat.com\\\/wp-content\\\/uploads\\\/2019\\\/04\\\/logo-1-GS.png\",\"width\":416,\"height\":148,\"caption\":\"Gruas Serrat\"},\"image\":{\"@id\":\"https:\\\/\\\/gruasserrat.com\\\/#\\\/schema\\\/logo\\\/image\\\/\"}},{\"@type\":\"Person\",\"@id\":\"https:\\\/\\\/gruasserrat.com\\\/#\\\/schema\\\/person\\\/cf69a24588aa0bc87daf604d7f079d26\",\"name\":\"Maria Isabel\",\"url\":\"https:\\\/\\\/gruasserrat.com\\\/ca\\\/author\\\/maria-isabel\\\/\"}]}<\/script>\n<!-- \/ Yoast SEO plugin. -->","yoast_head_json":{"title":"Preparant el Barcelona Open Banc Sabadell - 2019 - Gruas Serrat","description":"Preparant el Barcelona Open Banc Sabadell - 2019 . Llegeix aquesta i altres noticies al Bloc de Gruas Serrat.","robots":{"index":"index","follow":"follow","max-snippet":"max-snippet:-1","max-image-preview":"max-image-preview:large","max-video-preview":"max-video-preview:-1"},"canonical":"https:\/\/gruasserrat.com\/ca\/preparando-el-barcelona-open-banc-sabadell-2019\/","og_locale":"ca_ES","og_type":"article","og_title":"Preparant el Barcelona Open Banc Sabadell - 2019 - Gruas Serrat","og_description":"Preparant el Barcelona Open Banc Sabadell - 2019 . Llegeix aquesta i altres noticies al Bloc de Gruas Serrat.","og_url":"https:\/\/gruasserrat.com\/ca\/preparando-el-barcelona-open-banc-sabadell-2019\/","og_site_name":"Gruas Serrat","article_published_time":"2019-11-22T13:01:56+00:00","article_modified_time":"2020-06-17T08:24:55+00:00","og_image":[{"width":1030,"height":773,"url":"https:\/\/gruasserrat.com\/wp-content\/uploads\/2019\/11\/Tenis-Barcelona-4-1.jpg","type":"image\/jpeg"}],"author":"Maria Isabel","twitter_card":"summary_large_image","twitter_misc":{"Escrit per":"Maria Isabel","Temps estimat de lectura":"1 minut"},"schema":{"@context":"https:\/\/schema.org","@graph":[{"@type":"Article","@id":"https:\/\/gruasserrat.com\/ca\/preparando-el-barcelona-open-banc-sabadell-2019\/#article","isPartOf":{"@id":"https:\/\/gruasserrat.com\/ca\/preparando-el-barcelona-open-banc-sabadell-2019\/"},"author":{"name":"Maria Isabel","@id":"https:\/\/gruasserrat.com\/#\/schema\/person\/cf69a24588aa0bc87daf604d7f079d26"},"headline":"Preparant el Barcelona Open Banc Sabadell &#8211; 2019","datePublished":"2019-11-22T13:01:56+00:00","dateModified":"2020-06-17T08:24:55+00:00","mainEntityOfPage":{"@id":"https:\/\/gruasserrat.com\/ca\/preparando-el-barcelona-open-banc-sabadell-2019\/"},"wordCount":287,"commentCount":0,"publisher":{"@id":"https:\/\/gruasserrat.com\/#organization"},"image":{"@id":"https:\/\/gruasserrat.com\/ca\/preparando-el-barcelona-open-banc-sabadell-2019\/#primaryimage"},"thumbnailUrl":"https:\/\/gruasserrat.com\/wp-content\/uploads\/2019\/11\/Tenis-Barcelona-4-1.jpg","keywords":["eventos","gruas m\u00f3viles","grues"],"articleSection":["Not\u00edcies"],"inLanguage":"ca"},{"@type":"WebPage","@id":"https:\/\/gruasserrat.com\/ca\/preparando-el-barcelona-open-banc-sabadell-2019\/","url":"https:\/\/gruasserrat.com\/ca\/preparando-el-barcelona-open-banc-sabadell-2019\/","name":"Preparant el Barcelona Open Banc Sabadell - 2019 - Gruas Serrat","isPartOf":{"@id":"https:\/\/gruasserrat.com\/#website"},"primaryImageOfPage":{"@id":"https:\/\/gruasserrat.com\/ca\/preparando-el-barcelona-open-banc-sabadell-2019\/#primaryimage"},"image":{"@id":"https:\/\/gruasserrat.com\/ca\/preparando-el-barcelona-open-banc-sabadell-2019\/#primaryimage"},"thumbnailUrl":"https:\/\/gruasserrat.com\/wp-content\/uploads\/2019\/11\/Tenis-Barcelona-4-1.jpg","datePublished":"2019-11-22T13:01:56+00:00","dateModified":"2020-06-17T08:24:55+00:00","description":"Preparant el Barcelona Open Banc Sabadell - 2019 . Llegeix aquesta i altres noticies al Bloc de Gruas Serrat.","breadcrumb":{"@id":"https:\/\/gruasserrat.com\/ca\/preparando-el-barcelona-open-banc-sabadell-2019\/#breadcrumb"},"inLanguage":"ca","potentialAction":[{"@type":"ReadAction","target":["https:\/\/gruasserrat.com\/ca\/preparando-el-barcelona-open-banc-sabadell-2019\/"]}]},{"@type":"ImageObject","inLanguage":"ca","@id":"https:\/\/gruasserrat.com\/ca\/preparando-el-barcelona-open-banc-sabadell-2019\/#primaryimage","url":"https:\/\/gruasserrat.com\/wp-content\/uploads\/2019\/11\/Tenis-Barcelona-4-1.jpg","contentUrl":"https:\/\/gruasserrat.com\/wp-content\/uploads\/2019\/11\/Tenis-Barcelona-4-1.jpg","width":1030,"height":773,"caption":"Gruas Serrat - Real Club de Tenis Barcelona - Abril 2019"},{"@type":"BreadcrumbList","@id":"https:\/\/gruasserrat.com\/ca\/preparando-el-barcelona-open-banc-sabadell-2019\/#breadcrumb","itemListElement":[{"@type":"ListItem","position":1,"name":"Portada","item":"https:\/\/gruasserrat.com\/ca\/gruas-serrat\/"},{"@type":"ListItem","position":2,"name":"Preparant el Barcelona Open Banc Sabadell &#8211; 2019"}]},{"@type":"WebSite","@id":"https:\/\/gruasserrat.com\/#website","url":"https:\/\/gruasserrat.com\/","name":"Gruas Serrat","description":"Alquiler de gr\u00faas I Lloguer de grues","publisher":{"@id":"https:\/\/gruasserrat.com\/#organization"},"potentialAction":[{"@type":"SearchAction","target":{"@type":"EntryPoint","urlTemplate":"https:\/\/gruasserrat.com\/?s={search_term_string}"},"query-input":{"@type":"PropertyValueSpecification","valueRequired":true,"valueName":"search_term_string"}}],"inLanguage":"ca"},{"@type":"Organization","@id":"https:\/\/gruasserrat.com\/#organization","name":"Gruas Serrat","url":"https:\/\/gruasserrat.com\/","logo":{"@type":"ImageObject","inLanguage":"ca","@id":"https:\/\/gruasserrat.com\/#\/schema\/logo\/image\/","url":"https:\/\/gruasserrat.com\/wp-content\/uploads\/2019\/04\/logo-1-GS.png","contentUrl":"https:\/\/gruasserrat.com\/wp-content\/uploads\/2019\/04\/logo-1-GS.png","width":416,"height":148,"caption":"Gruas Serrat"},"image":{"@id":"https:\/\/gruasserrat.com\/#\/schema\/logo\/image\/"}},{"@type":"Person","@id":"https:\/\/gruasserrat.com\/#\/schema\/person\/cf69a24588aa0bc87daf604d7f079d26","name":"Maria Isabel","url":"https:\/\/gruasserrat.com\/ca\/author\/maria-isabel\/"}]}},"_links":{"self":[{"href":"https:\/\/gruasserrat.com\/ca\/wp-json\/wp\/v2\/posts\/2404","targetHints":{"allow":["GET"]}}],"collection":[{"href":"https:\/\/gruasserrat.com\/ca\/wp-json\/wp\/v2\/posts"}],"about":[{"href":"https:\/\/gruasserrat.com\/ca\/wp-json\/wp\/v2\/types\/post"}],"author":[{"embeddable":true,"href":"https:\/\/gruasserrat.com\/ca\/wp-json\/wp\/v2\/users\/4"}],"replies":[{"embeddable":true,"href":"https:\/\/gruasserrat.com\/ca\/wp-json\/wp\/v2\/comments?post=2404"}],"version-history":[{"count":5,"href":"https:\/\/gruasserrat.com\/ca\/wp-json\/wp\/v2\/posts\/2404\/revisions"}],"predecessor-version":[{"id":2410,"href":"https:\/\/gruasserrat.com\/ca\/wp-json\/wp\/v2\/posts\/2404\/revisions\/2410"}],"wp:featuredmedia":[{"embeddable":true,"href":"https:\/\/gruasserrat.com\/ca\/wp-json\/wp\/v2\/media\/2059"}],"wp:attachment":[{"href":"https:\/\/gruasserrat.com\/ca\/wp-json\/wp\/v2\/media?parent=2404"}],"wp:term":[{"taxonomy":"category","embeddable":true,"href":"https:\/\/gruasserrat.com\/ca\/wp-json\/wp\/v2\/categories?post=2404"},{"taxonomy":"post_tag","embeddable":true,"href":"https:\/\/gruasserrat.com\/ca\/wp-json\/wp\/v2\/tags?post=2404"}],"curies":[{"name":"wp","href":"https:\/\/api.w.org\/{rel}","templated":true}]}}