{"id":2562,"date":"2021-05-17T09:46:17","date_gmt":"2021-05-17T08:46:17","guid":{"rendered":"https:\/\/gruasserrat.com\/?p=2562"},"modified":"2021-05-17T10:45:10","modified_gmt":"2021-05-17T09:45:10","slug":"dona-i-ocell-de-joan-miro","status":"publish","type":"post","link":"https:\/\/gruasserrat.com\/ca\/dona-i-ocell-de-joan-miro\/","title":{"rendered":"Dona i ocell  de Joan Mir\u00f3"},"content":{"rendered":"<p>&nbsp;<\/p>\n<p><img decoding=\"async\" class=\"wp-image-2563 alignleft\" src=\"https:\/\/gruasserrat.com\/wp-content\/uploads\/2021\/02\/800px-Dona_i_Ocell-536x1030.jpg\" alt=\"GSerrat - Dona i ocell de joan miro\" width=\"281\" height=\"540\" srcset=\"https:\/\/gruasserrat.com\/wp-content\/uploads\/2021\/02\/800px-Dona_i_Ocell-536x1030.jpg 536w, https:\/\/gruasserrat.com\/wp-content\/uploads\/2021\/02\/800px-Dona_i_Ocell-156x300.jpg 156w, https:\/\/gruasserrat.com\/wp-content\/uploads\/2021\/02\/800px-Dona_i_Ocell-768x1475.jpg 768w, https:\/\/gruasserrat.com\/wp-content\/uploads\/2021\/02\/800px-Dona_i_Ocell-781x1500.jpg 781w, https:\/\/gruasserrat.com\/wp-content\/uploads\/2021\/02\/800px-Dona_i_Ocell-367x705.jpg 367w, https:\/\/gruasserrat.com\/wp-content\/uploads\/2021\/02\/800px-Dona_i_Ocell-450x864.jpg 450w, https:\/\/gruasserrat.com\/wp-content\/uploads\/2021\/02\/800px-Dona_i_Ocell.jpg 800w\" sizes=\"(max-width: 281px) 100vw, 281px\" \/><\/p>\n<p>&nbsp;<\/p>\n<p>Extracte de la Viquip\u00e8dia-cat<\/p>\n<p><em>&#8230;\/&#8230;\u00a0 <span style=\"color: #000000;\">DONA I OCELL \u00e9s una <\/span><\/em><span style=\"color: #000000;\"><em><a style=\"color: #000000;\" href=\"https:\/\/ca.wikipedia.org\/wiki\/Escultura\">escultura<\/a><\/em><em>\u00a0exempta de\u00a0<\/em><em><a style=\"color: #000000;\" href=\"https:\/\/ca.wikipedia.org\/wiki\/Joan_Mir%C3%B3\">Joan Mir\u00f3<\/a><\/em><em>\u00a0que s&#8217;aixeca 22\u00a0<\/em><em><a style=\"color: #000000;\" href=\"https:\/\/ca.wikipedia.org\/wiki\/Metre\">metres<\/a><\/em><em>\u00a0sobre l&#8217;estany artificial del\u00a0<\/em><em><a style=\"color: #000000;\" href=\"https:\/\/ca.wikipedia.org\/wiki\/Parc_de_Joan_Mir%C3%B3\">parc de Joan Mir\u00f3<\/a><\/em><em>, a\u00a0<\/em><em><a style=\"color: #000000;\" href=\"https:\/\/ca.wikipedia.org\/wiki\/Barcelona\">Barcelona<\/a><\/em><em>. Constru\u00efda entre 1981 i 1982 \u2014per b\u00e9 que inaugurada l&#8217;any seg\u00fcent\u2014, l&#8217;obra \u00e9s de pedra artificial, revestida parcialment amb\u00a0<\/em><em><a style=\"color: #000000;\" href=\"https:\/\/ca.wikipedia.org\/wiki\/Cer%C3%A0mica\">cer\u00e0mica<\/a><\/em><em>\u00a0pintada de\u00a0<\/em><em><a style=\"color: #000000;\" href=\"https:\/\/ca.wikipedia.org\/wiki\/Vermell\">vermell<\/a><\/em><em>,\u00a0<\/em><em><a style=\"color: #000000;\" href=\"https:\/\/ca.wikipedia.org\/wiki\/Groc\">groc<\/a><\/em><em>,\u00a0<\/em><em><a style=\"color: #000000;\" href=\"https:\/\/ca.wikipedia.org\/wiki\/Verd\">verd<\/a><\/em><em>\u00a0i\u00a0<\/em><em><a style=\"color: #000000;\" href=\"https:\/\/ca.wikipedia.org\/wiki\/Blau\">blau<\/a><\/em><em>\u00a0tractada com a\u00a0<\/em><em><a style=\"color: #000000;\" href=\"https:\/\/ca.wikipedia.org\/wiki\/Trencad%C3%ADs\">trencad\u00eds<\/a><\/em><em>, feta pel ceramista\u00a0<\/em><em><a style=\"color: #000000;\" href=\"https:\/\/ca.wikipedia.org\/wiki\/Joan_Gardy_Artigas\">Joan Gardy Artigas<\/a><\/em><em>.<sup><a style=\"color: #000000;\" href=\"https:\/\/ca.wikipedia.org\/wiki\/Dona_i_ocell#cite_note-FOOTNOTEPunyet_Mir%C3%B3Gardy_ArtigasCalero2007338-399-2\">]<\/a><\/sup>\u00a0L&#8217;escultura fou la darrera obra p\u00fablica de Joan Mir\u00f3.<\/em><\/span><\/p>\n<p><span style=\"color: #000000;\"><em>Les grans dimensions de l&#8217;obra determinaren que la seva construcci\u00f3 es fes\u00a0in situ\u00a0al llavors anomenat Parc de l&#8217;Escorxador, seguint les indicacions i la maqueta entregada per\u00a0<a style=\"color: #000000;\" href=\"https:\/\/ca.wikipedia.org\/wiki\/Joan_Mir%C3%B3_i_Ferr%C3%A0\">Mir\u00f3<\/a>: amb l&#8217;ajuda de grues i personal es va fer un buidat de\u00a0<a style=\"color: #000000;\" href=\"https:\/\/ca.wikipedia.org\/wiki\/Formig%C3%B3\">formig\u00f3<\/a>, un material molt capa\u00e7 de resistir el pas del temps,\u00a0en una operaci\u00f3 on van participar enginyers, arquitectes, 20 fusters i 6 operaris.Un cop consolidat el formig\u00f3,\u00a0<a style=\"color: #000000;\" href=\"https:\/\/ca.wikipedia.org\/wiki\/Joan_Gardy_Artigas\">Joan Gardy Artigas<\/a>\u00a0va fer el recobriment de\u00a0<a style=\"color: #000000;\" href=\"https:\/\/ca.wikipedia.org\/wiki\/Trencad%C3%ADs\">trencad\u00eds<\/a>\u00a0de\u00a0<a style=\"color: #000000;\" href=\"https:\/\/ca.wikipedia.org\/wiki\/Cer%C3%A0mica\">cer\u00e0mica<\/a>.<sup><a style=\"color: #000000;\" href=\"https:\/\/ca.wikipedia.org\/wiki\/Dona_i_ocell#cite_note-cataleg-7\">[7]<\/a><\/sup><\/em><\/span><\/p>\n<p><span style=\"color: #000000;\"><em>La bastida que es va fer servir per construir l&#8217;obra es va desmuntar a la darrera setmana d&#8217;agost de 1982,i la seva construcci\u00f3 va finalitzar el mateix setembre, amb un cost final d&#8217;uns 15-17\u00a0milions de\u00a0<a style=\"color: #000000;\" href=\"https:\/\/ca.wikipedia.org\/wiki\/Pessetes\">pessetes (102.172,1\u20ac) <\/a>\u00a0La intenci\u00f3 inicial, prevista en el projecte d&#8217;urbanitzaci\u00f3 del parc, era afegir una quinzena m\u00e9s d&#8217;escultures mironianes durant una fase d&#8217;ampliaci\u00f3,\u00a0fet que no es va arribar a dur a terme a causa del delicat estat de salut i posterior trasp\u00e0s de l&#8217;artista.Joan Mir\u00f3 no va cobrar honoraris per aquesta obra, sin\u00f3 que la va oferir com a obsequi a la ciutat de\u00a0<a style=\"color: #000000;\" href=\"https:\/\/ca.wikipedia.org\/wiki\/Barcelona\">Barcelona<\/a>. &#8230;\/&#8230; fi de la cita.<\/em><\/span><\/p>\n<p>&nbsp;<\/p>\n<p><img decoding=\"async\" class=\"alignright wp-image-2567\" src=\"https:\/\/gruasserrat.com\/wp-content\/uploads\/2021\/02\/20210205093052934_0002-1-767x1030.jpg\" alt=\"\" width=\"300\" height=\"403\" srcset=\"https:\/\/gruasserrat.com\/wp-content\/uploads\/2021\/02\/20210205093052934_0002-1-767x1030.jpg 767w, https:\/\/gruasserrat.com\/wp-content\/uploads\/2021\/02\/20210205093052934_0002-1-224x300.jpg 224w, https:\/\/gruasserrat.com\/wp-content\/uploads\/2021\/02\/20210205093052934_0002-1-768x1031.jpg 768w, https:\/\/gruasserrat.com\/wp-content\/uploads\/2021\/02\/20210205093052934_0002-1-1144x1536.jpg 1144w, https:\/\/gruasserrat.com\/wp-content\/uploads\/2021\/02\/20210205093052934_0002-1-1118x1500.jpg 1118w, https:\/\/gruasserrat.com\/wp-content\/uploads\/2021\/02\/20210205093052934_0002-1-525x705.jpg 525w, https:\/\/gruasserrat.com\/wp-content\/uploads\/2021\/02\/20210205093052934_0002-1-450x604.jpg 450w, https:\/\/gruasserrat.com\/wp-content\/uploads\/2021\/02\/20210205093052934_0002-1.jpg 1485w\" sizes=\"(max-width: 300px) 100vw, 300px\" \/><\/p>\n<p><img decoding=\"async\" class=\"wp-image-2565 alignleft\" src=\"https:\/\/gruasserrat.com\/wp-content\/uploads\/2021\/02\/20210205093052934_0001-778x1030.jpg\" alt=\"\" width=\"305\" height=\"404\" srcset=\"https:\/\/gruasserrat.com\/wp-content\/uploads\/2021\/02\/20210205093052934_0001-778x1030.jpg 778w, https:\/\/gruasserrat.com\/wp-content\/uploads\/2021\/02\/20210205093052934_0001-226x300.jpg 226w, https:\/\/gruasserrat.com\/wp-content\/uploads\/2021\/02\/20210205093052934_0001-768x1017.jpg 768w, https:\/\/gruasserrat.com\/wp-content\/uploads\/2021\/02\/20210205093052934_0001-1160x1536.jpg 1160w, https:\/\/gruasserrat.com\/wp-content\/uploads\/2021\/02\/20210205093052934_0001-1132x1500.jpg 1132w, https:\/\/gruasserrat.com\/wp-content\/uploads\/2021\/02\/20210205093052934_0001-532x705.jpg 532w, https:\/\/gruasserrat.com\/wp-content\/uploads\/2021\/02\/20210205093052934_0001-450x596.jpg 450w, https:\/\/gruasserrat.com\/wp-content\/uploads\/2021\/02\/20210205093052934_0001.jpg 1491w\" sizes=\"(max-width: 305px) 100vw, 305px\" \/><\/p>\n<p>&nbsp;<\/p>\n<p>&nbsp;<\/p>\n<p>&nbsp;<\/p>\n<p>&nbsp;<\/p>\n<p>&nbsp;<\/p>\n<p>&nbsp;<\/p>\n<p>&nbsp;<\/p>\n<p>&nbsp;<\/p>\n<p>&nbsp;<\/p>\n<p>&nbsp;<\/p>\n<p>&nbsp;<\/p>\n<p>&nbsp;<\/p>\n<div id=\"attachment_2569\" style=\"width: 420px\" class=\"wp-caption alignleft\"><img decoding=\"async\" aria-describedby=\"caption-attachment-2569\" class=\"wp-image-2569\" src=\"https:\/\/gruasserrat.com\/wp-content\/uploads\/2021\/02\/20210205093220247_0001-2-1030x753.jpg\" alt=\"\" width=\"410\" height=\"300\" srcset=\"https:\/\/gruasserrat.com\/wp-content\/uploads\/2021\/02\/20210205093220247_0001-2-1030x753.jpg 1030w, https:\/\/gruasserrat.com\/wp-content\/uploads\/2021\/02\/20210205093220247_0001-2-300x219.jpg 300w, https:\/\/gruasserrat.com\/wp-content\/uploads\/2021\/02\/20210205093220247_0001-2-768x562.jpg 768w, https:\/\/gruasserrat.com\/wp-content\/uploads\/2021\/02\/20210205093220247_0001-2-1536x1123.jpg 1536w, https:\/\/gruasserrat.com\/wp-content\/uploads\/2021\/02\/20210205093220247_0001-2-1500x1097.jpg 1500w, https:\/\/gruasserrat.com\/wp-content\/uploads\/2021\/02\/20210205093220247_0001-2-705x516.jpg 705w, https:\/\/gruasserrat.com\/wp-content\/uploads\/2021\/02\/20210205093220247_0001-2-450x329.jpg 450w, https:\/\/gruasserrat.com\/wp-content\/uploads\/2021\/02\/20210205093220247_0001-2.jpg 2047w\" sizes=\"(max-width: 410px) 100vw, 410px\" \/><p id=\"caption-attachment-2569\" class=\"wp-caption-text\">En aquesta foto es pot recon\u00e8ixer al Sr. Serrat, amb camisa vermella, donant instruccions al gruista per comen\u00e7ar la maniobra d\u2019enlairament<\/p><\/div>\n<p><img decoding=\"async\" class=\"wp-image-2571 aligncenter\" src=\"https:\/\/gruasserrat.com\/wp-content\/uploads\/2021\/02\/20210205093220247_0002-745x1030.jpg\" alt=\"\" width=\"280\" height=\"387\" srcset=\"https:\/\/gruasserrat.com\/wp-content\/uploads\/2021\/02\/20210205093220247_0002-745x1030.jpg 745w, https:\/\/gruasserrat.com\/wp-content\/uploads\/2021\/02\/20210205093220247_0002-217x300.jpg 217w, https:\/\/gruasserrat.com\/wp-content\/uploads\/2021\/02\/20210205093220247_0002-768x1062.jpg 768w, https:\/\/gruasserrat.com\/wp-content\/uploads\/2021\/02\/20210205093220247_0002-1111x1536.jpg 1111w, https:\/\/gruasserrat.com\/wp-content\/uploads\/2021\/02\/20210205093220247_0002-1481x2048.jpg 1481w, https:\/\/gruasserrat.com\/wp-content\/uploads\/2021\/02\/20210205093220247_0002-1085x1500.jpg 1085w, https:\/\/gruasserrat.com\/wp-content\/uploads\/2021\/02\/20210205093220247_0002-510x705.jpg 510w, https:\/\/gruasserrat.com\/wp-content\/uploads\/2021\/02\/20210205093220247_0002-450x622.jpg 450w, https:\/\/gruasserrat.com\/wp-content\/uploads\/2021\/02\/20210205093220247_0002.jpg 1485w\" sizes=\"(max-width: 280px) 100vw, 280px\" \/><\/p>\n<p>&nbsp;<\/p>\n<p>Representa una dona amb barret i a sobre d\u2019ell un ocell (groc)<\/p>\n<p>I aquestes s\u00f3n les fotos on es veu la participaci\u00f3 de Gruas Serrat, en el moment de col\u00b7locar el barret.<\/p>\n<p>Pel seu sentit simb\u00f2lic de final d\u2019obra, l\u2019alcalde d\u2019aquell moment, Narc\u00eds Serra, no es va voler perdre l\u2019operaci\u00f3.<\/p>\n<p>La maniobra\u00a0 es va portar a terme amb una grua LUNA DE 140 TN, de fabricaci\u00f3 espanyola.<\/p>\n<p>&nbsp;<\/p>\n<p>&nbsp;<\/p>\n<p>&nbsp;<\/p>\n","protected":false},"excerpt":{"rendered":"<p>&nbsp; &nbsp; Extracte de la Viquip\u00e8dia-cat &#8230;\/&#8230;\u00a0 DONA I OCELL \u00e9s una escultura\u00a0exempta de\u00a0Joan Mir\u00f3\u00a0que s&#8217;aixeca 22\u00a0metres\u00a0sobre l&#8217;estany artificial del\u00a0parc de Joan Mir\u00f3, a\u00a0Barcelona. Constru\u00efda entre 1981 i 1982 \u2014per b\u00e9 que inaugurada l&#8217;any seg\u00fcent\u2014, l&#8217;obra \u00e9s de pedra artificial, revestida parcialment amb\u00a0cer\u00e0mica\u00a0pintada de\u00a0vermell,\u00a0groc,\u00a0verd\u00a0i\u00a0blau\u00a0tractada com a\u00a0trencad\u00eds, feta pel ceramista\u00a0Joan Gardy Artigas.]\u00a0L&#8217;escultura fou la darrera obra [&hellip;]<\/p>\n","protected":false},"author":4,"featured_media":2569,"comment_status":"open","ping_status":"open","sticky":false,"template":"","format":"standard","meta":{"footnotes":""},"categories":[49],"tags":[],"class_list":["post-2562","post","type-post","status-publish","format-standard","has-post-thumbnail","hentry","category-noticies"],"yoast_head":"<!-- This site is optimized with the Yoast SEO plugin v27.5 - https:\/\/yoast.com\/product\/yoast-seo-wordpress\/ -->\n<title>Dona i ocell de Joan Mir\u00f3 - Gruas Serrat<\/title>\n<meta name=\"description\" content=\"Dona i ocell de Joan Mir\u00f3 . Llegeix aquesta i altres noticies al Bloc de Gruas Serrat.\" \/>\n<meta name=\"robots\" content=\"index, follow, max-snippet:-1, max-image-preview:large, max-video-preview:-1\" \/>\n<link rel=\"canonical\" href=\"https:\/\/gruasserrat.com\/ca\/dona-i-ocell-de-joan-miro\/\" \/>\n<meta property=\"og:locale\" content=\"ca_ES\" \/>\n<meta property=\"og:type\" content=\"article\" \/>\n<meta property=\"og:title\" content=\"Dona i ocell de Joan Mir\u00f3 - Gruas Serrat\" \/>\n<meta property=\"og:description\" content=\"Dona i ocell de Joan Mir\u00f3 . Llegeix aquesta i altres noticies al Bloc de Gruas Serrat.\" \/>\n<meta property=\"og:url\" content=\"https:\/\/gruasserrat.com\/ca\/dona-i-ocell-de-joan-miro\/\" \/>\n<meta property=\"og:site_name\" content=\"Gruas Serrat\" \/>\n<meta property=\"article:published_time\" content=\"2021-05-17T08:46:17+00:00\" \/>\n<meta property=\"article:modified_time\" content=\"2021-05-17T09:45:10+00:00\" \/>\n<meta property=\"og:image\" content=\"https:\/\/gruasserrat.com\/wp-content\/uploads\/2021\/02\/20210205093220247_0001-2.jpg\" \/>\n\t<meta property=\"og:image:width\" content=\"2047\" \/>\n\t<meta property=\"og:image:height\" content=\"1497\" \/>\n\t<meta property=\"og:image:type\" content=\"image\/jpeg\" \/>\n<meta name=\"author\" content=\"Maria Isabel\" \/>\n<meta name=\"twitter:card\" content=\"summary_large_image\" \/>\n<meta name=\"twitter:label1\" content=\"Escrit per\" \/>\n\t<meta name=\"twitter:data1\" content=\"Maria Isabel\" \/>\n\t<meta name=\"twitter:label2\" content=\"Temps estimat de lectura\" \/>\n\t<meta name=\"twitter:data2\" content=\"3 minuts\" \/>\n<script type=\"application\/ld+json\" class=\"yoast-schema-graph\">{\"@context\":\"https:\\\/\\\/schema.org\",\"@graph\":[{\"@type\":\"Article\",\"@id\":\"https:\\\/\\\/gruasserrat.com\\\/ca\\\/dona-i-ocell-de-joan-miro\\\/#article\",\"isPartOf\":{\"@id\":\"https:\\\/\\\/gruasserrat.com\\\/ca\\\/dona-i-ocell-de-joan-miro\\\/\"},\"author\":{\"name\":\"Maria Isabel\",\"@id\":\"https:\\\/\\\/gruasserrat.com\\\/#\\\/schema\\\/person\\\/cf69a24588aa0bc87daf604d7f079d26\"},\"headline\":\"Dona i ocell de Joan Mir\u00f3\",\"datePublished\":\"2021-05-17T08:46:17+00:00\",\"dateModified\":\"2021-05-17T09:45:10+00:00\",\"mainEntityOfPage\":{\"@id\":\"https:\\\/\\\/gruasserrat.com\\\/ca\\\/dona-i-ocell-de-joan-miro\\\/\"},\"wordCount\":412,\"commentCount\":0,\"publisher\":{\"@id\":\"https:\\\/\\\/gruasserrat.com\\\/#organization\"},\"image\":{\"@id\":\"https:\\\/\\\/gruasserrat.com\\\/ca\\\/dona-i-ocell-de-joan-miro\\\/#primaryimage\"},\"thumbnailUrl\":\"https:\\\/\\\/gruasserrat.com\\\/wp-content\\\/uploads\\\/2021\\\/02\\\/20210205093220247_0001-2.jpg\",\"articleSection\":[\"Not\u00edcies\"],\"inLanguage\":\"ca\"},{\"@type\":\"WebPage\",\"@id\":\"https:\\\/\\\/gruasserrat.com\\\/ca\\\/dona-i-ocell-de-joan-miro\\\/\",\"url\":\"https:\\\/\\\/gruasserrat.com\\\/ca\\\/dona-i-ocell-de-joan-miro\\\/\",\"name\":\"Dona i ocell de Joan Mir\u00f3 - Gruas Serrat\",\"isPartOf\":{\"@id\":\"https:\\\/\\\/gruasserrat.com\\\/#website\"},\"primaryImageOfPage\":{\"@id\":\"https:\\\/\\\/gruasserrat.com\\\/ca\\\/dona-i-ocell-de-joan-miro\\\/#primaryimage\"},\"image\":{\"@id\":\"https:\\\/\\\/gruasserrat.com\\\/ca\\\/dona-i-ocell-de-joan-miro\\\/#primaryimage\"},\"thumbnailUrl\":\"https:\\\/\\\/gruasserrat.com\\\/wp-content\\\/uploads\\\/2021\\\/02\\\/20210205093220247_0001-2.jpg\",\"datePublished\":\"2021-05-17T08:46:17+00:00\",\"dateModified\":\"2021-05-17T09:45:10+00:00\",\"description\":\"Dona i ocell de Joan Mir\u00f3 . Llegeix aquesta i altres noticies al Bloc de Gruas Serrat.\",\"breadcrumb\":{\"@id\":\"https:\\\/\\\/gruasserrat.com\\\/ca\\\/dona-i-ocell-de-joan-miro\\\/#breadcrumb\"},\"inLanguage\":\"ca\",\"potentialAction\":[{\"@type\":\"ReadAction\",\"target\":[\"https:\\\/\\\/gruasserrat.com\\\/ca\\\/dona-i-ocell-de-joan-miro\\\/\"]}]},{\"@type\":\"ImageObject\",\"inLanguage\":\"ca\",\"@id\":\"https:\\\/\\\/gruasserrat.com\\\/ca\\\/dona-i-ocell-de-joan-miro\\\/#primaryimage\",\"url\":\"https:\\\/\\\/gruasserrat.com\\\/wp-content\\\/uploads\\\/2021\\\/02\\\/20210205093220247_0001-2.jpg\",\"contentUrl\":\"https:\\\/\\\/gruasserrat.com\\\/wp-content\\\/uploads\\\/2021\\\/02\\\/20210205093220247_0001-2.jpg\",\"width\":2047,\"height\":1497,\"caption\":\"GRUAS SERRAT- Instal\u00b7lacio barret de l'escultura dona i ocell de joan mir\u00f3\"},{\"@type\":\"BreadcrumbList\",\"@id\":\"https:\\\/\\\/gruasserrat.com\\\/ca\\\/dona-i-ocell-de-joan-miro\\\/#breadcrumb\",\"itemListElement\":[{\"@type\":\"ListItem\",\"position\":1,\"name\":\"Portada\",\"item\":\"https:\\\/\\\/gruasserrat.com\\\/ca\\\/gruas-serrat\\\/\"},{\"@type\":\"ListItem\",\"position\":2,\"name\":\"Dona i ocell de Joan Mir\u00f3\"}]},{\"@type\":\"WebSite\",\"@id\":\"https:\\\/\\\/gruasserrat.com\\\/#website\",\"url\":\"https:\\\/\\\/gruasserrat.com\\\/\",\"name\":\"Gruas Serrat\",\"description\":\"Alquiler de gr\u00faas I Lloguer de grues\",\"publisher\":{\"@id\":\"https:\\\/\\\/gruasserrat.com\\\/#organization\"},\"potentialAction\":[{\"@type\":\"SearchAction\",\"target\":{\"@type\":\"EntryPoint\",\"urlTemplate\":\"https:\\\/\\\/gruasserrat.com\\\/?s={search_term_string}\"},\"query-input\":{\"@type\":\"PropertyValueSpecification\",\"valueRequired\":true,\"valueName\":\"search_term_string\"}}],\"inLanguage\":\"ca\"},{\"@type\":\"Organization\",\"@id\":\"https:\\\/\\\/gruasserrat.com\\\/#organization\",\"name\":\"Gruas Serrat\",\"url\":\"https:\\\/\\\/gruasserrat.com\\\/\",\"logo\":{\"@type\":\"ImageObject\",\"inLanguage\":\"ca\",\"@id\":\"https:\\\/\\\/gruasserrat.com\\\/#\\\/schema\\\/logo\\\/image\\\/\",\"url\":\"https:\\\/\\\/gruasserrat.com\\\/wp-content\\\/uploads\\\/2019\\\/04\\\/logo-1-GS.png\",\"contentUrl\":\"https:\\\/\\\/gruasserrat.com\\\/wp-content\\\/uploads\\\/2019\\\/04\\\/logo-1-GS.png\",\"width\":416,\"height\":148,\"caption\":\"Gruas Serrat\"},\"image\":{\"@id\":\"https:\\\/\\\/gruasserrat.com\\\/#\\\/schema\\\/logo\\\/image\\\/\"}},{\"@type\":\"Person\",\"@id\":\"https:\\\/\\\/gruasserrat.com\\\/#\\\/schema\\\/person\\\/cf69a24588aa0bc87daf604d7f079d26\",\"name\":\"Maria Isabel\",\"url\":\"https:\\\/\\\/gruasserrat.com\\\/ca\\\/author\\\/maria-isabel\\\/\"}]}<\/script>\n<!-- \/ Yoast SEO plugin. -->","yoast_head_json":{"title":"Dona i ocell de Joan Mir\u00f3 - Gruas Serrat","description":"Dona i ocell de Joan Mir\u00f3 . Llegeix aquesta i altres noticies al Bloc de Gruas Serrat.","robots":{"index":"index","follow":"follow","max-snippet":"max-snippet:-1","max-image-preview":"max-image-preview:large","max-video-preview":"max-video-preview:-1"},"canonical":"https:\/\/gruasserrat.com\/ca\/dona-i-ocell-de-joan-miro\/","og_locale":"ca_ES","og_type":"article","og_title":"Dona i ocell de Joan Mir\u00f3 - Gruas Serrat","og_description":"Dona i ocell de Joan Mir\u00f3 . Llegeix aquesta i altres noticies al Bloc de Gruas Serrat.","og_url":"https:\/\/gruasserrat.com\/ca\/dona-i-ocell-de-joan-miro\/","og_site_name":"Gruas Serrat","article_published_time":"2021-05-17T08:46:17+00:00","article_modified_time":"2021-05-17T09:45:10+00:00","og_image":[{"width":2047,"height":1497,"url":"https:\/\/gruasserrat.com\/wp-content\/uploads\/2021\/02\/20210205093220247_0001-2.jpg","type":"image\/jpeg"}],"author":"Maria Isabel","twitter_card":"summary_large_image","twitter_misc":{"Escrit per":"Maria Isabel","Temps estimat de lectura":"3 minuts"},"schema":{"@context":"https:\/\/schema.org","@graph":[{"@type":"Article","@id":"https:\/\/gruasserrat.com\/ca\/dona-i-ocell-de-joan-miro\/#article","isPartOf":{"@id":"https:\/\/gruasserrat.com\/ca\/dona-i-ocell-de-joan-miro\/"},"author":{"name":"Maria Isabel","@id":"https:\/\/gruasserrat.com\/#\/schema\/person\/cf69a24588aa0bc87daf604d7f079d26"},"headline":"Dona i ocell de Joan Mir\u00f3","datePublished":"2021-05-17T08:46:17+00:00","dateModified":"2021-05-17T09:45:10+00:00","mainEntityOfPage":{"@id":"https:\/\/gruasserrat.com\/ca\/dona-i-ocell-de-joan-miro\/"},"wordCount":412,"commentCount":0,"publisher":{"@id":"https:\/\/gruasserrat.com\/#organization"},"image":{"@id":"https:\/\/gruasserrat.com\/ca\/dona-i-ocell-de-joan-miro\/#primaryimage"},"thumbnailUrl":"https:\/\/gruasserrat.com\/wp-content\/uploads\/2021\/02\/20210205093220247_0001-2.jpg","articleSection":["Not\u00edcies"],"inLanguage":"ca"},{"@type":"WebPage","@id":"https:\/\/gruasserrat.com\/ca\/dona-i-ocell-de-joan-miro\/","url":"https:\/\/gruasserrat.com\/ca\/dona-i-ocell-de-joan-miro\/","name":"Dona i ocell de Joan Mir\u00f3 - Gruas Serrat","isPartOf":{"@id":"https:\/\/gruasserrat.com\/#website"},"primaryImageOfPage":{"@id":"https:\/\/gruasserrat.com\/ca\/dona-i-ocell-de-joan-miro\/#primaryimage"},"image":{"@id":"https:\/\/gruasserrat.com\/ca\/dona-i-ocell-de-joan-miro\/#primaryimage"},"thumbnailUrl":"https:\/\/gruasserrat.com\/wp-content\/uploads\/2021\/02\/20210205093220247_0001-2.jpg","datePublished":"2021-05-17T08:46:17+00:00","dateModified":"2021-05-17T09:45:10+00:00","description":"Dona i ocell de Joan Mir\u00f3 . Llegeix aquesta i altres noticies al Bloc de Gruas Serrat.","breadcrumb":{"@id":"https:\/\/gruasserrat.com\/ca\/dona-i-ocell-de-joan-miro\/#breadcrumb"},"inLanguage":"ca","potentialAction":[{"@type":"ReadAction","target":["https:\/\/gruasserrat.com\/ca\/dona-i-ocell-de-joan-miro\/"]}]},{"@type":"ImageObject","inLanguage":"ca","@id":"https:\/\/gruasserrat.com\/ca\/dona-i-ocell-de-joan-miro\/#primaryimage","url":"https:\/\/gruasserrat.com\/wp-content\/uploads\/2021\/02\/20210205093220247_0001-2.jpg","contentUrl":"https:\/\/gruasserrat.com\/wp-content\/uploads\/2021\/02\/20210205093220247_0001-2.jpg","width":2047,"height":1497,"caption":"GRUAS SERRAT- Instal\u00b7lacio barret de l'escultura dona i ocell de joan mir\u00f3"},{"@type":"BreadcrumbList","@id":"https:\/\/gruasserrat.com\/ca\/dona-i-ocell-de-joan-miro\/#breadcrumb","itemListElement":[{"@type":"ListItem","position":1,"name":"Portada","item":"https:\/\/gruasserrat.com\/ca\/gruas-serrat\/"},{"@type":"ListItem","position":2,"name":"Dona i ocell de Joan Mir\u00f3"}]},{"@type":"WebSite","@id":"https:\/\/gruasserrat.com\/#website","url":"https:\/\/gruasserrat.com\/","name":"Gruas Serrat","description":"Alquiler de gr\u00faas I Lloguer de grues","publisher":{"@id":"https:\/\/gruasserrat.com\/#organization"},"potentialAction":[{"@type":"SearchAction","target":{"@type":"EntryPoint","urlTemplate":"https:\/\/gruasserrat.com\/?s={search_term_string}"},"query-input":{"@type":"PropertyValueSpecification","valueRequired":true,"valueName":"search_term_string"}}],"inLanguage":"ca"},{"@type":"Organization","@id":"https:\/\/gruasserrat.com\/#organization","name":"Gruas Serrat","url":"https:\/\/gruasserrat.com\/","logo":{"@type":"ImageObject","inLanguage":"ca","@id":"https:\/\/gruasserrat.com\/#\/schema\/logo\/image\/","url":"https:\/\/gruasserrat.com\/wp-content\/uploads\/2019\/04\/logo-1-GS.png","contentUrl":"https:\/\/gruasserrat.com\/wp-content\/uploads\/2019\/04\/logo-1-GS.png","width":416,"height":148,"caption":"Gruas Serrat"},"image":{"@id":"https:\/\/gruasserrat.com\/#\/schema\/logo\/image\/"}},{"@type":"Person","@id":"https:\/\/gruasserrat.com\/#\/schema\/person\/cf69a24588aa0bc87daf604d7f079d26","name":"Maria Isabel","url":"https:\/\/gruasserrat.com\/ca\/author\/maria-isabel\/"}]}},"_links":{"self":[{"href":"https:\/\/gruasserrat.com\/ca\/wp-json\/wp\/v2\/posts\/2562","targetHints":{"allow":["GET"]}}],"collection":[{"href":"https:\/\/gruasserrat.com\/ca\/wp-json\/wp\/v2\/posts"}],"about":[{"href":"https:\/\/gruasserrat.com\/ca\/wp-json\/wp\/v2\/types\/post"}],"author":[{"embeddable":true,"href":"https:\/\/gruasserrat.com\/ca\/wp-json\/wp\/v2\/users\/4"}],"replies":[{"embeddable":true,"href":"https:\/\/gruasserrat.com\/ca\/wp-json\/wp\/v2\/comments?post=2562"}],"version-history":[{"count":8,"href":"https:\/\/gruasserrat.com\/ca\/wp-json\/wp\/v2\/posts\/2562\/revisions"}],"predecessor-version":[{"id":2679,"href":"https:\/\/gruasserrat.com\/ca\/wp-json\/wp\/v2\/posts\/2562\/revisions\/2679"}],"wp:featuredmedia":[{"embeddable":true,"href":"https:\/\/gruasserrat.com\/ca\/wp-json\/wp\/v2\/media\/2569"}],"wp:attachment":[{"href":"https:\/\/gruasserrat.com\/ca\/wp-json\/wp\/v2\/media?parent=2562"}],"wp:term":[{"taxonomy":"category","embeddable":true,"href":"https:\/\/gruasserrat.com\/ca\/wp-json\/wp\/v2\/categories?post=2562"},{"taxonomy":"post_tag","embeddable":true,"href":"https:\/\/gruasserrat.com\/ca\/wp-json\/wp\/v2\/tags?post=2562"}],"curies":[{"name":"wp","href":"https:\/\/api.w.org\/{rel}","templated":true}]}}