{"id":2865,"date":"2022-04-11T12:29:36","date_gmt":"2022-04-11T11:29:36","guid":{"rendered":"https:\/\/gruasserrat.com\/el-submarino-del-cosmocaixa\/"},"modified":"2022-04-11T12:41:35","modified_gmt":"2022-04-11T11:41:35","slug":"el-submarino-del-cosmocaixa","status":"publish","type":"post","link":"https:\/\/gruasserrat.com\/ca\/el-submarino-del-cosmocaixa\/","title":{"rendered":"El submar\u00ed del CosmoCaixa"},"content":{"rendered":"<h4>El dia 4 de maig de 1986 arribava a Barcelona \u00a0el submar\u00ed de butxaca Tibur\u00f3n-1 (SA-51) cedit per l\u2019Armada espanyola.<\/h4>\n<p>Va arribar al Port de Barcelona, tot i que ho va fer per terra, i al Moll de la Fusta mitjan\u00e7ant una cerim\u00f2nia festiva i simb\u00f2lica va ser rebatejat amb el nom de BARCELONA.<\/p>\n<p>La seva primera ubicaci\u00f3 fou davant del Museu de la Ci\u00e8ncia, ara CosmoCaixa, i m\u00e9s tard es va traslladar a la seva ubicaci\u00f3 actual, a poc metres del museu, en una illeta entre els carrers Adri\u00e0 Margarit i Isaac Newton.<\/p>\n<p>&nbsp;<\/p>\n<blockquote><p>Per fer aquest servei de col\u00b7locaci\u00f3, v\u00e0rem utilitzar una grua KRUPP KMK6200 (ara l\u2019empresa Krupp es diu GROVE). Una grua de 6 eixos amb c\u00e0rrega m\u00e0xima de 200Tn.<\/p><\/blockquote>\n<p><img decoding=\"async\" class=\"alignright size-full wp-image-2858\" src=\"https:\/\/gruasserrat.com\/wp-content\/uploads\/2022\/04\/Submari-fotos-cedidas-por-Antoni-Casinos-Va-2-1.jpg\" alt=\"GSerrat-Subamar\u00ed CosmoCaixa\" width=\"1030\" height=\"773\" srcset=\"https:\/\/gruasserrat.com\/wp-content\/uploads\/2022\/04\/Submari-fotos-cedidas-por-Antoni-Casinos-Va-2-1.jpg 1030w, https:\/\/gruasserrat.com\/wp-content\/uploads\/2022\/04\/Submari-fotos-cedidas-por-Antoni-Casinos-Va-2-1-300x225.jpg 300w, https:\/\/gruasserrat.com\/wp-content\/uploads\/2022\/04\/Submari-fotos-cedidas-por-Antoni-Casinos-Va-2-1-768x576.jpg 768w, https:\/\/gruasserrat.com\/wp-content\/uploads\/2022\/04\/Submari-fotos-cedidas-por-Antoni-Casinos-Va-2-1-705x529.jpg 705w, https:\/\/gruasserrat.com\/wp-content\/uploads\/2022\/04\/Submari-fotos-cedidas-por-Antoni-Casinos-Va-2-1-450x338.jpg 450w\" sizes=\"(max-width: 1030px) 100vw, 1030px\" \/><\/p>\n<p><img decoding=\"async\" class=\"size-large wp-image-2860\" src=\"https:\/\/gruasserrat.com\/wp-content\/uploads\/2022\/04\/Submari-fotos-cedidas-por-Antoni-Casinos-Va-1-1-1030x689.jpg\" alt=\"\" width=\"1030\" height=\"689\" srcset=\"https:\/\/gruasserrat.com\/wp-content\/uploads\/2022\/04\/Submari-fotos-cedidas-por-Antoni-Casinos-Va-1-1-1030x689.jpg 1030w, https:\/\/gruasserrat.com\/wp-content\/uploads\/2022\/04\/Submari-fotos-cedidas-por-Antoni-Casinos-Va-1-1-300x201.jpg 300w, https:\/\/gruasserrat.com\/wp-content\/uploads\/2022\/04\/Submari-fotos-cedidas-por-Antoni-Casinos-Va-1-1-768x514.jpg 768w, https:\/\/gruasserrat.com\/wp-content\/uploads\/2022\/04\/Submari-fotos-cedidas-por-Antoni-Casinos-Va-1-1-705x472.jpg 705w, https:\/\/gruasserrat.com\/wp-content\/uploads\/2022\/04\/Submari-fotos-cedidas-por-Antoni-Casinos-Va-1-1-450x301.jpg 450w, https:\/\/gruasserrat.com\/wp-content\/uploads\/2022\/04\/Submari-fotos-cedidas-por-Antoni-Casinos-Va-1-1.jpg 1155w\" sizes=\"(max-width: 1030px) 100vw, 1030px\" \/><\/p>\n<p>&nbsp;<\/p>\n<p>Per m\u00e9s informaci\u00f3 sobre aquest submar\u00ed, podeu seguir l&#8217;enlla\u00e7 &#x2b07;<\/p>\n<p><a href=\"https:\/\/envisitadecortesia.com\/2018\/06\/09\/el-submarino-de-bolsillo-barcelona\/\" target=\"_blank\" rel=\"noopener\">https:\/\/envisitadecortesia.com\/2018\/06\/09\/el-submarino-de-bolsillo-barcelona\/<\/a><\/p>\n<p>&nbsp;<\/p>\n<p>&nbsp;<\/p>\n<h6>Fotos de la grua cedides por Rosendo Serrat, de su fondo personal<\/h6>\n<h6>Fotos del Submarino cedides por: \u00a0EN VISITA DE CORTES\u00cdA DE Antoni Casinos Va<\/h6>\n","protected":false},"excerpt":{"rendered":"<p>El dia 4 de maig de 1986 arribava a Barcelona \u00a0el submar\u00ed de butxaca Tibur\u00f3n-1 (SA-51) cedit per l\u2019Armada espanyola. Va arribar al Port de Barcelona, tot i que ho va fer per terra, i al Moll de la Fusta mitjan\u00e7ant una cerim\u00f2nia festiva i simb\u00f2lica va ser rebatejat amb el nom de BARCELONA. La [&hellip;]<\/p>\n","protected":false},"author":4,"featured_media":2855,"comment_status":"open","ping_status":"open","sticky":false,"template":"","format":"standard","meta":{"footnotes":""},"categories":[49],"tags":[86,89],"class_list":["post-2865","post","type-post","status-publish","format-standard","has-post-thumbnail","hentry","category-noticies","tag-gruas-moviles-ca","tag-hitoria-ca"],"yoast_head":"<!-- This site is optimized with the Yoast SEO plugin v27.4 - https:\/\/yoast.com\/product\/yoast-seo-wordpress\/ -->\n<title>El submar\u00ed del CosmoCaixa - Gruas Serrat<\/title>\n<meta name=\"description\" content=\"El submar\u00ed del CosmoCaixa . Llegeix aquesta i altres noticies al Bloc de Gruas Serrat.\" \/>\n<meta name=\"robots\" content=\"index, follow, max-snippet:-1, max-image-preview:large, max-video-preview:-1\" \/>\n<link rel=\"canonical\" href=\"https:\/\/gruasserrat.com\/ca\/el-submarino-del-cosmocaixa\/\" \/>\n<meta property=\"og:locale\" content=\"ca_ES\" \/>\n<meta property=\"og:type\" content=\"article\" \/>\n<meta property=\"og:title\" content=\"El submar\u00ed del CosmoCaixa - Gruas Serrat\" \/>\n<meta property=\"og:description\" content=\"El submar\u00ed del CosmoCaixa . Llegeix aquesta i altres noticies al Bloc de Gruas Serrat.\" \/>\n<meta property=\"og:url\" content=\"https:\/\/gruasserrat.com\/ca\/el-submarino-del-cosmocaixa\/\" \/>\n<meta property=\"og:site_name\" content=\"Gruas Serrat\" \/>\n<meta property=\"article:published_time\" content=\"2022-04-11T11:29:36+00:00\" \/>\n<meta property=\"article:modified_time\" content=\"2022-04-11T11:41:35+00:00\" \/>\n<meta property=\"og:image\" content=\"https:\/\/gruasserrat.com\/wp-content\/uploads\/2022\/04\/Submari-2.png\" \/>\n\t<meta property=\"og:image:width\" content=\"1030\" \/>\n\t<meta property=\"og:image:height\" content=\"773\" \/>\n\t<meta property=\"og:image:type\" content=\"image\/png\" \/>\n<meta name=\"author\" content=\"Maria Isabel\" \/>\n<meta name=\"twitter:card\" content=\"summary_large_image\" \/>\n<meta name=\"twitter:label1\" content=\"Escrit per\" \/>\n\t<meta name=\"twitter:data1\" content=\"Maria Isabel\" \/>\n\t<meta name=\"twitter:label2\" content=\"Temps estimat de lectura\" \/>\n\t<meta name=\"twitter:data2\" content=\"2 minuts\" \/>\n<script type=\"application\/ld+json\" class=\"yoast-schema-graph\">{\"@context\":\"https:\\\/\\\/schema.org\",\"@graph\":[{\"@type\":\"Article\",\"@id\":\"https:\\\/\\\/gruasserrat.com\\\/ca\\\/el-submarino-del-cosmocaixa\\\/#article\",\"isPartOf\":{\"@id\":\"https:\\\/\\\/gruasserrat.com\\\/ca\\\/el-submarino-del-cosmocaixa\\\/\"},\"author\":{\"name\":\"Maria Isabel\",\"@id\":\"https:\\\/\\\/gruasserrat.com\\\/#\\\/schema\\\/person\\\/cf69a24588aa0bc87daf604d7f079d26\"},\"headline\":\"El submar\u00ed del CosmoCaixa\",\"datePublished\":\"2022-04-11T11:29:36+00:00\",\"dateModified\":\"2022-04-11T11:41:35+00:00\",\"mainEntityOfPage\":{\"@id\":\"https:\\\/\\\/gruasserrat.com\\\/ca\\\/el-submarino-del-cosmocaixa\\\/\"},\"wordCount\":182,\"commentCount\":0,\"publisher\":{\"@id\":\"https:\\\/\\\/gruasserrat.com\\\/#organization\"},\"image\":{\"@id\":\"https:\\\/\\\/gruasserrat.com\\\/ca\\\/el-submarino-del-cosmocaixa\\\/#primaryimage\"},\"thumbnailUrl\":\"https:\\\/\\\/gruasserrat.com\\\/wp-content\\\/uploads\\\/2022\\\/04\\\/Submari-2.png\",\"keywords\":[\"gruas m\u00f3viles\",\"hit\u00f2ria\"],\"articleSection\":[\"Not\u00edcies\"],\"inLanguage\":\"ca\"},{\"@type\":\"WebPage\",\"@id\":\"https:\\\/\\\/gruasserrat.com\\\/ca\\\/el-submarino-del-cosmocaixa\\\/\",\"url\":\"https:\\\/\\\/gruasserrat.com\\\/ca\\\/el-submarino-del-cosmocaixa\\\/\",\"name\":\"El submar\u00ed del CosmoCaixa - Gruas Serrat\",\"isPartOf\":{\"@id\":\"https:\\\/\\\/gruasserrat.com\\\/#website\"},\"primaryImageOfPage\":{\"@id\":\"https:\\\/\\\/gruasserrat.com\\\/ca\\\/el-submarino-del-cosmocaixa\\\/#primaryimage\"},\"image\":{\"@id\":\"https:\\\/\\\/gruasserrat.com\\\/ca\\\/el-submarino-del-cosmocaixa\\\/#primaryimage\"},\"thumbnailUrl\":\"https:\\\/\\\/gruasserrat.com\\\/wp-content\\\/uploads\\\/2022\\\/04\\\/Submari-2.png\",\"datePublished\":\"2022-04-11T11:29:36+00:00\",\"dateModified\":\"2022-04-11T11:41:35+00:00\",\"description\":\"El submar\u00ed del CosmoCaixa . Llegeix aquesta i altres noticies al Bloc de Gruas Serrat.\",\"breadcrumb\":{\"@id\":\"https:\\\/\\\/gruasserrat.com\\\/ca\\\/el-submarino-del-cosmocaixa\\\/#breadcrumb\"},\"inLanguage\":\"ca\",\"potentialAction\":[{\"@type\":\"ReadAction\",\"target\":[\"https:\\\/\\\/gruasserrat.com\\\/ca\\\/el-submarino-del-cosmocaixa\\\/\"]}]},{\"@type\":\"ImageObject\",\"inLanguage\":\"ca\",\"@id\":\"https:\\\/\\\/gruasserrat.com\\\/ca\\\/el-submarino-del-cosmocaixa\\\/#primaryimage\",\"url\":\"https:\\\/\\\/gruasserrat.com\\\/wp-content\\\/uploads\\\/2022\\\/04\\\/Submari-2.png\",\"contentUrl\":\"https:\\\/\\\/gruasserrat.com\\\/wp-content\\\/uploads\\\/2022\\\/04\\\/Submari-2.png\",\"width\":1030,\"height\":773,\"caption\":\"GSerrat-Col\u00b7locaci\u00f3 del Submar\u00ed del CosmoCaixa\"},{\"@type\":\"BreadcrumbList\",\"@id\":\"https:\\\/\\\/gruasserrat.com\\\/ca\\\/el-submarino-del-cosmocaixa\\\/#breadcrumb\",\"itemListElement\":[{\"@type\":\"ListItem\",\"position\":1,\"name\":\"Portada\",\"item\":\"https:\\\/\\\/gruasserrat.com\\\/ca\\\/gruas-serrat\\\/\"},{\"@type\":\"ListItem\",\"position\":2,\"name\":\"El submar\u00ed del CosmoCaixa\"}]},{\"@type\":\"WebSite\",\"@id\":\"https:\\\/\\\/gruasserrat.com\\\/#website\",\"url\":\"https:\\\/\\\/gruasserrat.com\\\/\",\"name\":\"Gruas Serrat\",\"description\":\"Alquiler de gr\u00faas I Lloguer de grues\",\"publisher\":{\"@id\":\"https:\\\/\\\/gruasserrat.com\\\/#organization\"},\"potentialAction\":[{\"@type\":\"SearchAction\",\"target\":{\"@type\":\"EntryPoint\",\"urlTemplate\":\"https:\\\/\\\/gruasserrat.com\\\/?s={search_term_string}\"},\"query-input\":{\"@type\":\"PropertyValueSpecification\",\"valueRequired\":true,\"valueName\":\"search_term_string\"}}],\"inLanguage\":\"ca\"},{\"@type\":\"Organization\",\"@id\":\"https:\\\/\\\/gruasserrat.com\\\/#organization\",\"name\":\"Gruas Serrat\",\"url\":\"https:\\\/\\\/gruasserrat.com\\\/\",\"logo\":{\"@type\":\"ImageObject\",\"inLanguage\":\"ca\",\"@id\":\"https:\\\/\\\/gruasserrat.com\\\/#\\\/schema\\\/logo\\\/image\\\/\",\"url\":\"https:\\\/\\\/gruasserrat.com\\\/wp-content\\\/uploads\\\/2019\\\/04\\\/logo-1-GS.png\",\"contentUrl\":\"https:\\\/\\\/gruasserrat.com\\\/wp-content\\\/uploads\\\/2019\\\/04\\\/logo-1-GS.png\",\"width\":416,\"height\":148,\"caption\":\"Gruas Serrat\"},\"image\":{\"@id\":\"https:\\\/\\\/gruasserrat.com\\\/#\\\/schema\\\/logo\\\/image\\\/\"}},{\"@type\":\"Person\",\"@id\":\"https:\\\/\\\/gruasserrat.com\\\/#\\\/schema\\\/person\\\/cf69a24588aa0bc87daf604d7f079d26\",\"name\":\"Maria Isabel\",\"url\":\"https:\\\/\\\/gruasserrat.com\\\/ca\\\/author\\\/maria-isabel\\\/\"}]}<\/script>\n<!-- \/ Yoast SEO plugin. -->","yoast_head_json":{"title":"El submar\u00ed del CosmoCaixa - Gruas Serrat","description":"El submar\u00ed del CosmoCaixa . Llegeix aquesta i altres noticies al Bloc de Gruas Serrat.","robots":{"index":"index","follow":"follow","max-snippet":"max-snippet:-1","max-image-preview":"max-image-preview:large","max-video-preview":"max-video-preview:-1"},"canonical":"https:\/\/gruasserrat.com\/ca\/el-submarino-del-cosmocaixa\/","og_locale":"ca_ES","og_type":"article","og_title":"El submar\u00ed del CosmoCaixa - Gruas Serrat","og_description":"El submar\u00ed del CosmoCaixa . Llegeix aquesta i altres noticies al Bloc de Gruas Serrat.","og_url":"https:\/\/gruasserrat.com\/ca\/el-submarino-del-cosmocaixa\/","og_site_name":"Gruas Serrat","article_published_time":"2022-04-11T11:29:36+00:00","article_modified_time":"2022-04-11T11:41:35+00:00","og_image":[{"width":1030,"height":773,"url":"https:\/\/gruasserrat.com\/wp-content\/uploads\/2022\/04\/Submari-2.png","type":"image\/png"}],"author":"Maria Isabel","twitter_card":"summary_large_image","twitter_misc":{"Escrit per":"Maria Isabel","Temps estimat de lectura":"2 minuts"},"schema":{"@context":"https:\/\/schema.org","@graph":[{"@type":"Article","@id":"https:\/\/gruasserrat.com\/ca\/el-submarino-del-cosmocaixa\/#article","isPartOf":{"@id":"https:\/\/gruasserrat.com\/ca\/el-submarino-del-cosmocaixa\/"},"author":{"name":"Maria Isabel","@id":"https:\/\/gruasserrat.com\/#\/schema\/person\/cf69a24588aa0bc87daf604d7f079d26"},"headline":"El submar\u00ed del CosmoCaixa","datePublished":"2022-04-11T11:29:36+00:00","dateModified":"2022-04-11T11:41:35+00:00","mainEntityOfPage":{"@id":"https:\/\/gruasserrat.com\/ca\/el-submarino-del-cosmocaixa\/"},"wordCount":182,"commentCount":0,"publisher":{"@id":"https:\/\/gruasserrat.com\/#organization"},"image":{"@id":"https:\/\/gruasserrat.com\/ca\/el-submarino-del-cosmocaixa\/#primaryimage"},"thumbnailUrl":"https:\/\/gruasserrat.com\/wp-content\/uploads\/2022\/04\/Submari-2.png","keywords":["gruas m\u00f3viles","hit\u00f2ria"],"articleSection":["Not\u00edcies"],"inLanguage":"ca"},{"@type":"WebPage","@id":"https:\/\/gruasserrat.com\/ca\/el-submarino-del-cosmocaixa\/","url":"https:\/\/gruasserrat.com\/ca\/el-submarino-del-cosmocaixa\/","name":"El submar\u00ed del CosmoCaixa - Gruas Serrat","isPartOf":{"@id":"https:\/\/gruasserrat.com\/#website"},"primaryImageOfPage":{"@id":"https:\/\/gruasserrat.com\/ca\/el-submarino-del-cosmocaixa\/#primaryimage"},"image":{"@id":"https:\/\/gruasserrat.com\/ca\/el-submarino-del-cosmocaixa\/#primaryimage"},"thumbnailUrl":"https:\/\/gruasserrat.com\/wp-content\/uploads\/2022\/04\/Submari-2.png","datePublished":"2022-04-11T11:29:36+00:00","dateModified":"2022-04-11T11:41:35+00:00","description":"El submar\u00ed del CosmoCaixa . Llegeix aquesta i altres noticies al Bloc de Gruas Serrat.","breadcrumb":{"@id":"https:\/\/gruasserrat.com\/ca\/el-submarino-del-cosmocaixa\/#breadcrumb"},"inLanguage":"ca","potentialAction":[{"@type":"ReadAction","target":["https:\/\/gruasserrat.com\/ca\/el-submarino-del-cosmocaixa\/"]}]},{"@type":"ImageObject","inLanguage":"ca","@id":"https:\/\/gruasserrat.com\/ca\/el-submarino-del-cosmocaixa\/#primaryimage","url":"https:\/\/gruasserrat.com\/wp-content\/uploads\/2022\/04\/Submari-2.png","contentUrl":"https:\/\/gruasserrat.com\/wp-content\/uploads\/2022\/04\/Submari-2.png","width":1030,"height":773,"caption":"GSerrat-Col\u00b7locaci\u00f3 del Submar\u00ed del CosmoCaixa"},{"@type":"BreadcrumbList","@id":"https:\/\/gruasserrat.com\/ca\/el-submarino-del-cosmocaixa\/#breadcrumb","itemListElement":[{"@type":"ListItem","position":1,"name":"Portada","item":"https:\/\/gruasserrat.com\/ca\/gruas-serrat\/"},{"@type":"ListItem","position":2,"name":"El submar\u00ed del CosmoCaixa"}]},{"@type":"WebSite","@id":"https:\/\/gruasserrat.com\/#website","url":"https:\/\/gruasserrat.com\/","name":"Gruas Serrat","description":"Alquiler de gr\u00faas I Lloguer de grues","publisher":{"@id":"https:\/\/gruasserrat.com\/#organization"},"potentialAction":[{"@type":"SearchAction","target":{"@type":"EntryPoint","urlTemplate":"https:\/\/gruasserrat.com\/?s={search_term_string}"},"query-input":{"@type":"PropertyValueSpecification","valueRequired":true,"valueName":"search_term_string"}}],"inLanguage":"ca"},{"@type":"Organization","@id":"https:\/\/gruasserrat.com\/#organization","name":"Gruas Serrat","url":"https:\/\/gruasserrat.com\/","logo":{"@type":"ImageObject","inLanguage":"ca","@id":"https:\/\/gruasserrat.com\/#\/schema\/logo\/image\/","url":"https:\/\/gruasserrat.com\/wp-content\/uploads\/2019\/04\/logo-1-GS.png","contentUrl":"https:\/\/gruasserrat.com\/wp-content\/uploads\/2019\/04\/logo-1-GS.png","width":416,"height":148,"caption":"Gruas Serrat"},"image":{"@id":"https:\/\/gruasserrat.com\/#\/schema\/logo\/image\/"}},{"@type":"Person","@id":"https:\/\/gruasserrat.com\/#\/schema\/person\/cf69a24588aa0bc87daf604d7f079d26","name":"Maria Isabel","url":"https:\/\/gruasserrat.com\/ca\/author\/maria-isabel\/"}]}},"_links":{"self":[{"href":"https:\/\/gruasserrat.com\/ca\/wp-json\/wp\/v2\/posts\/2865","targetHints":{"allow":["GET"]}}],"collection":[{"href":"https:\/\/gruasserrat.com\/ca\/wp-json\/wp\/v2\/posts"}],"about":[{"href":"https:\/\/gruasserrat.com\/ca\/wp-json\/wp\/v2\/types\/post"}],"author":[{"embeddable":true,"href":"https:\/\/gruasserrat.com\/ca\/wp-json\/wp\/v2\/users\/4"}],"replies":[{"embeddable":true,"href":"https:\/\/gruasserrat.com\/ca\/wp-json\/wp\/v2\/comments?post=2865"}],"version-history":[{"count":4,"href":"https:\/\/gruasserrat.com\/ca\/wp-json\/wp\/v2\/posts\/2865\/revisions"}],"predecessor-version":[{"id":2866,"href":"https:\/\/gruasserrat.com\/ca\/wp-json\/wp\/v2\/posts\/2865\/revisions\/2866"}],"wp:featuredmedia":[{"embeddable":true,"href":"https:\/\/gruasserrat.com\/ca\/wp-json\/wp\/v2\/media\/2855"}],"wp:attachment":[{"href":"https:\/\/gruasserrat.com\/ca\/wp-json\/wp\/v2\/media?parent=2865"}],"wp:term":[{"taxonomy":"category","embeddable":true,"href":"https:\/\/gruasserrat.com\/ca\/wp-json\/wp\/v2\/categories?post=2865"},{"taxonomy":"post_tag","embeddable":true,"href":"https:\/\/gruasserrat.com\/ca\/wp-json\/wp\/v2\/tags?post=2865"}],"curies":[{"name":"wp","href":"https:\/\/api.w.org\/{rel}","templated":true}]}}