{"id":2956,"date":"2022-08-25T09:47:28","date_gmt":"2022-08-25T08:47:28","guid":{"rendered":"https:\/\/gruasserrat.com\/?p=2956"},"modified":"2022-09-02T08:45:34","modified_gmt":"2022-09-02T07:45:34","slug":"influencia-del-vent-sobre-les-nostres-grues","status":"publish","type":"post","link":"https:\/\/gruasserrat.com\/ca\/influencia-del-vent-sobre-les-nostres-grues\/","title":{"rendered":"influ\u00e8ncia del vent sobre les nostres grues"},"content":{"rendered":"<p>Surts per a treballar amb un cel blau i un sol radiant i de sobte tot canvia\u2026<\/p>\n<p>Pluja, neu, trons, llampecs i vent. Molt de vent\u2026.<\/p>\n<p><img decoding=\"async\" class=\" wp-image-1595\" src=\"https:\/\/gruasserrat.com\/wp-content\/uploads\/2019\/09\/RUBIO-014-1030x773.jpg\" alt=\"\" width=\"477\" height=\"358\" srcset=\"https:\/\/gruasserrat.com\/wp-content\/uploads\/2019\/09\/RUBIO-014-1030x773.jpg 1030w, https:\/\/gruasserrat.com\/wp-content\/uploads\/2019\/09\/RUBIO-014-300x225.jpg 300w, https:\/\/gruasserrat.com\/wp-content\/uploads\/2019\/09\/RUBIO-014-768x576.jpg 768w, https:\/\/gruasserrat.com\/wp-content\/uploads\/2019\/09\/RUBIO-014-1500x1125.jpg 1500w, https:\/\/gruasserrat.com\/wp-content\/uploads\/2019\/09\/RUBIO-014-705x529.jpg 705w, https:\/\/gruasserrat.com\/wp-content\/uploads\/2019\/09\/RUBIO-014-450x338.jpg 450w\" sizes=\"(max-width: 477px) 100vw, 477px\" \/><\/p>\n<p>L&#8217;acci\u00f3 del vent sobre les nostres grues i sobre la c\u00e0rrega que hissem pot ser causa d&#8217;accident.<\/p>\n<p>Per aquest motiu les grues actuals estan prove\u00efdes d&#8217;un anem\u00f2metre.<\/p>\n<p>&nbsp;<\/p>\n<p><img decoding=\"async\" class=\"wp-image-2939 alignright\" src=\"https:\/\/gruasserrat.com\/wp-content\/uploads\/2022\/08\/IMG_3745-773x1030.jpg\" alt=\"anem\u00f3metre - GRUAS SERRAT\" width=\"272\" height=\"362\" srcset=\"https:\/\/gruasserrat.com\/wp-content\/uploads\/2022\/08\/IMG_3745-773x1030.jpg 773w, https:\/\/gruasserrat.com\/wp-content\/uploads\/2022\/08\/IMG_3745-225x300.jpg 225w, https:\/\/gruasserrat.com\/wp-content\/uploads\/2022\/08\/IMG_3745-768x1024.jpg 768w, https:\/\/gruasserrat.com\/wp-content\/uploads\/2022\/08\/IMG_3745-1152x1536.jpg 1152w, https:\/\/gruasserrat.com\/wp-content\/uploads\/2022\/08\/IMG_3745-1536x2048.jpg 1536w, https:\/\/gruasserrat.com\/wp-content\/uploads\/2022\/08\/IMG_3745-1125x1500.jpg 1125w, https:\/\/gruasserrat.com\/wp-content\/uploads\/2022\/08\/IMG_3745-529x705.jpg 529w, https:\/\/gruasserrat.com\/wp-content\/uploads\/2022\/08\/IMG_3745-450x600.jpg 450w\" sizes=\"(max-width: 272px) 100vw, 272px\" \/><\/p>\n<blockquote><p>Un anem\u00f2metre \u00e9s un instrument que mesura la velocitat o la for\u00e7a del vent<\/p><\/blockquote>\n<p>En una grua poden estar muntador fins a dos anem\u00f2metres. Tot dep\u00e8n de la longitud de bra\u00e7 de treball que tinguem muntada (si es treballa amb grues de gran tonatge o amb plomines addicionals).<\/p>\n<p>Aquests anem\u00f2metres estan connectats amb el quadre de comandaments de la grua i si el valor de la velocitat del vent excedeix el valor m\u00e0xim indicat, el s\u00edmbol de \u201cadvertiment de vent\u201d comen\u00e7a a parpellejar i sona l&#8217;alarma ac\u00fastica.<\/p>\n<p>En aquest moment, la grua no es per a en sec ja que la c\u00e0rrega suspesa no es pot quedar hissada pel perill que comporta, per\u00f2 si que l&#8217;elevaci\u00f3 de la c\u00e0rrega ha de finalitzar tan r\u00e0pid com sigui possible, i si fos el cas el bra\u00e7 extensible hauria de recollir-se.<\/p>\n<p>&nbsp;<\/p>\n<p>&nbsp;<\/p>\n<p>En q\u00fcestions de vent tot influeix: les dimensions de la nostra grua (si \u00e9s una 60,80, 100,500 o 1200 Tn), el tipus de c\u00e0rrega hissada per la resist\u00e8ncia que exercir\u00e0 al flux del vent, <strong>com actua el vent sobre el conjunt, a quina altura i en quina direcci\u00f3. <\/strong>Perqu\u00e8 no \u00e9s la mateixa incid\u00e8ncia que el vent actu\u00ef per davant, per darrere o lateralment sobre l&#8217;hissat d&#8217;una planxa de formig\u00f3 per a la construcci\u00f3 d&#8217;una nau prefabricada, que sobre el masteler d&#8217;una embarcaci\u00f3 o una aspa d&#8217;una central d&#8217;energia e\u00f2lica ja que el vent fa oscil\u00b7lar la c\u00e0rrega, per la qual cosa vibra el bra\u00e7 extensible de la grua.<\/p>\n<p>Tamb\u00e9 influeix on es realitza la maniobra: entre edificis o en camp obert, perqu\u00e8 una simple tanca pot alterar el comportament d&#8217;aquest vent.<\/p>\n<p><img decoding=\"async\" class=\"size-full wp-image-2943 alignnone\" src=\"https:\/\/gruasserrat.com\/wp-content\/uploads\/2022\/08\/Imatge6.png\" alt=\"velocidad del viento - diagrama Liebherr -GRUAS SERRAT\" width=\"566\" height=\"339\" srcset=\"https:\/\/gruasserrat.com\/wp-content\/uploads\/2022\/08\/Imatge6.png 566w, https:\/\/gruasserrat.com\/wp-content\/uploads\/2022\/08\/Imatge6-300x180.png 300w, https:\/\/gruasserrat.com\/wp-content\/uploads\/2022\/08\/Imatge6-450x270.png 450w\" sizes=\"(max-width: 566px) 100vw, 566px\" \/><\/p>\n<p>La velocitat del vent es frena tant m\u00e9s, com m\u00e9s pronunciats siguin els obstacles que es vagi trobant: els boscos i les grans ciutats frenen el vent considerablement, mentre que una pista d&#8217;enlairament d&#8217;un aeroport gaireb\u00e9 no la redueix.<\/p>\n<p>Aix\u00ed i tot no s&#8217;ha d&#8217;oblidar que entre edificis alts pot donar-se l&#8217; <strong>\u201cefecte tovera<\/strong>\u201d perqu\u00e8 l&#8217;aire es comprimeix en el costat del vent de les cases i la seva velocitat s&#8217;incrementa mentre bufa a trav\u00e9s d&#8217;un can\u00f3 urb\u00e0.<\/p>\n<p>La velocitat del vent es classifica avui dia segons la \u201c<strong>ESCALA DE BEAUFORT\u201d.<\/strong> Escala desenvolupada per Sir Francis Beaufort en 1806 i la unitat de mesura de la velocitat es diu Beaufort (bft). \u00c9s una escala de fen\u00f2mens naturals que va del 0-12. La intensitat Beaufort en la pr\u00e0ctica es refereix al valor mitj\u00e0 de la velocitat del vent a <strong>un interval de 10 minuts a una altura de 10 metres.<\/strong><\/p>\n<p>&nbsp;<\/p>\n<p><img decoding=\"async\" class=\"aligncenter size-full wp-image-2945\" src=\"https:\/\/gruasserrat.com\/wp-content\/uploads\/2022\/08\/Imatge1.png\" alt=\"ESCALA DE BEAUFORT - LIEBHERR - GRUASPALAU SA\" width=\"455\" height=\"515\" srcset=\"https:\/\/gruasserrat.com\/wp-content\/uploads\/2022\/08\/Imatge1.png 455w, https:\/\/gruasserrat.com\/wp-content\/uploads\/2022\/08\/Imatge1-265x300.png 265w, https:\/\/gruasserrat.com\/wp-content\/uploads\/2022\/08\/Imatge1-450x509.png 450w\" sizes=\"(max-width: 455px) 100vw, 455px\" \/><\/p>\n<p>&nbsp;<\/p>\n<p>&nbsp;<\/p>\n<p>En les operacions de grua i especialment en aixecar c\u00e0rregues de gran superf\u00edcie \u00e9s indispensable parar esment a les influ\u00e8ncies del vent.<\/p>\n<blockquote>\n<h5>Aix\u00ed que, abans de comen\u00e7ar el treball, l&#8217;operador de grua ha d&#8217;informar-se de la climatologia prevista per a aquell dia, sobretot la velocitat m\u00e0xima de vent esperada.<\/h5>\n<\/blockquote>\n<p>En els nostres cursos de formaci\u00f3 d&#8217;operadors de grua m\u00f2bil autopropulsada tipus B, tenim un m\u00f2dul sencer que tracta sobre aquest tema: <strong>La influ\u00e8ncia del vent en les operacions amb grua<\/strong>, per la seva rellev\u00e0ncia a l&#8217;hora de treballar amb grues superiors a 130tn.<\/p>\n<p><img decoding=\"async\" class=\"aligncenter size-full wp-image-1530\" src=\"https:\/\/gruasserrat.com\/wp-content\/uploads\/2019\/07\/Parque-E\u00f3lico-Falset-f.jpg\" alt=\"alquiler de gruas obra civil\" width=\"450\" height=\"338\" srcset=\"https:\/\/gruasserrat.com\/wp-content\/uploads\/2019\/07\/Parque-E\u00f3lico-Falset-f.jpg 450w, https:\/\/gruasserrat.com\/wp-content\/uploads\/2019\/07\/Parque-E\u00f3lico-Falset-f-300x225.jpg 300w\" sizes=\"(max-width: 450px) 100vw, 450px\" \/><\/p>\n<p>&nbsp;<\/p>\n<p>&nbsp;<\/p>\n<p>&nbsp;<\/p>\n<p>#tips #cursodegruista #influenciadelviento #cursooperadordegrua #liebherrcranes #gruasserrat<\/p>\n<h6>NOTA:Las fotos del diagrama de velocidad del viento i la tabla de beaufort son cedidas por gruas liebherr.<\/h6>\n<h6>todas las dem\u00e0s imagenes son propiedad de gruas serrat.<\/h6>\n","protected":false},"excerpt":{"rendered":"<p>Surts per a treballar amb un cel blau i un sol radiant i de sobte tot canvia\u2026 Pluja, neu, trons, llampecs i vent. Molt de vent\u2026. L&#8217;acci\u00f3 del vent sobre les nostres grues i sobre la c\u00e0rrega que hissem pot ser causa d&#8217;accident. Per aquest motiu les grues actuals estan prove\u00efdes d&#8217;un anem\u00f2metre. &nbsp; Un [&hellip;]<\/p>\n","protected":false},"author":4,"featured_media":2953,"comment_status":"open","ping_status":"open","sticky":false,"template":"","format":"standard","meta":{"footnotes":""},"categories":[49],"tags":[91,92,95,86,57,90],"class_list":["post-2956","post","type-post","status-publish","format-standard","has-post-thumbnail","hentry","category-noticies","tag-curso-de-gruista-ca","tag-curso-formacion-ca","tag-formacion-ca","tag-gruas-moviles-ca","tag-grues","tag-tips-ca"],"yoast_head":"<!-- This site is optimized with the Yoast SEO plugin v27.4 - https:\/\/yoast.com\/product\/yoast-seo-wordpress\/ -->\n<title>influ\u00e8ncia del vent sobre les nostres grues - Gruas Serrat<\/title>\n<meta name=\"description\" content=\"influ\u00e8ncia del vent sobre les nostres grues . Llegeix aquesta i altres noticies al Bloc de Gruas Serrat.\" \/>\n<meta name=\"robots\" content=\"index, follow, max-snippet:-1, max-image-preview:large, max-video-preview:-1\" \/>\n<link rel=\"canonical\" href=\"https:\/\/gruasserrat.com\/ca\/influencia-del-vent-sobre-les-nostres-grues\/\" \/>\n<meta property=\"og:locale\" content=\"ca_ES\" \/>\n<meta property=\"og:type\" content=\"article\" \/>\n<meta property=\"og:title\" content=\"influ\u00e8ncia del vent sobre les nostres grues - Gruas Serrat\" \/>\n<meta property=\"og:description\" content=\"influ\u00e8ncia del vent sobre les nostres grues . Llegeix aquesta i altres noticies al Bloc de Gruas Serrat.\" \/>\n<meta property=\"og:url\" content=\"https:\/\/gruasserrat.com\/ca\/influencia-del-vent-sobre-les-nostres-grues\/\" \/>\n<meta property=\"og:site_name\" content=\"Gruas Serrat\" \/>\n<meta property=\"article:published_time\" content=\"2022-08-25T08:47:28+00:00\" \/>\n<meta property=\"article:modified_time\" content=\"2022-09-02T07:45:34+00:00\" \/>\n<meta property=\"og:image\" content=\"https:\/\/gruasserrat.com\/wp-content\/uploads\/2022\/08\/viento.jpg\" \/>\n\t<meta property=\"og:image:width\" content=\"1030\" \/>\n\t<meta property=\"og:image:height\" content=\"687\" \/>\n\t<meta property=\"og:image:type\" content=\"image\/jpeg\" \/>\n<meta name=\"author\" content=\"Maria Isabel\" \/>\n<meta name=\"twitter:card\" content=\"summary_large_image\" \/>\n<meta name=\"twitter:label1\" content=\"Escrit per\" \/>\n\t<meta name=\"twitter:data1\" content=\"Maria Isabel\" \/>\n\t<meta name=\"twitter:label2\" content=\"Temps estimat de lectura\" \/>\n\t<meta name=\"twitter:data2\" content=\"4 minuts\" \/>\n<script type=\"application\/ld+json\" class=\"yoast-schema-graph\">{\"@context\":\"https:\\\/\\\/schema.org\",\"@graph\":[{\"@type\":\"Article\",\"@id\":\"https:\\\/\\\/gruasserrat.com\\\/ca\\\/influencia-del-vent-sobre-les-nostres-grues\\\/#article\",\"isPartOf\":{\"@id\":\"https:\\\/\\\/gruasserrat.com\\\/ca\\\/influencia-del-vent-sobre-les-nostres-grues\\\/\"},\"author\":{\"name\":\"Maria Isabel\",\"@id\":\"https:\\\/\\\/gruasserrat.com\\\/#\\\/schema\\\/person\\\/cf69a24588aa0bc87daf604d7f079d26\"},\"headline\":\"influ\u00e8ncia del vent sobre les nostres grues\",\"datePublished\":\"2022-08-25T08:47:28+00:00\",\"dateModified\":\"2022-09-02T07:45:34+00:00\",\"mainEntityOfPage\":{\"@id\":\"https:\\\/\\\/gruasserrat.com\\\/ca\\\/influencia-del-vent-sobre-les-nostres-grues\\\/\"},\"wordCount\":670,\"commentCount\":0,\"publisher\":{\"@id\":\"https:\\\/\\\/gruasserrat.com\\\/#organization\"},\"image\":{\"@id\":\"https:\\\/\\\/gruasserrat.com\\\/ca\\\/influencia-del-vent-sobre-les-nostres-grues\\\/#primaryimage\"},\"thumbnailUrl\":\"https:\\\/\\\/gruasserrat.com\\\/wp-content\\\/uploads\\\/2022\\\/08\\\/viento.jpg\",\"keywords\":[\"curso de gruista\",\"Curso formacion\",\"Formaci\u00f3n\",\"gruas m\u00f3viles\",\"grues\",\"tips\"],\"articleSection\":[\"Not\u00edcies\"],\"inLanguage\":\"ca\"},{\"@type\":\"WebPage\",\"@id\":\"https:\\\/\\\/gruasserrat.com\\\/ca\\\/influencia-del-vent-sobre-les-nostres-grues\\\/\",\"url\":\"https:\\\/\\\/gruasserrat.com\\\/ca\\\/influencia-del-vent-sobre-les-nostres-grues\\\/\",\"name\":\"influ\u00e8ncia del vent sobre les nostres grues - Gruas Serrat\",\"isPartOf\":{\"@id\":\"https:\\\/\\\/gruasserrat.com\\\/#website\"},\"primaryImageOfPage\":{\"@id\":\"https:\\\/\\\/gruasserrat.com\\\/ca\\\/influencia-del-vent-sobre-les-nostres-grues\\\/#primaryimage\"},\"image\":{\"@id\":\"https:\\\/\\\/gruasserrat.com\\\/ca\\\/influencia-del-vent-sobre-les-nostres-grues\\\/#primaryimage\"},\"thumbnailUrl\":\"https:\\\/\\\/gruasserrat.com\\\/wp-content\\\/uploads\\\/2022\\\/08\\\/viento.jpg\",\"datePublished\":\"2022-08-25T08:47:28+00:00\",\"dateModified\":\"2022-09-02T07:45:34+00:00\",\"description\":\"influ\u00e8ncia del vent sobre les nostres grues . Llegeix aquesta i altres noticies al Bloc de Gruas Serrat.\",\"breadcrumb\":{\"@id\":\"https:\\\/\\\/gruasserrat.com\\\/ca\\\/influencia-del-vent-sobre-les-nostres-grues\\\/#breadcrumb\"},\"inLanguage\":\"ca\",\"potentialAction\":[{\"@type\":\"ReadAction\",\"target\":[\"https:\\\/\\\/gruasserrat.com\\\/ca\\\/influencia-del-vent-sobre-les-nostres-grues\\\/\"]}]},{\"@type\":\"ImageObject\",\"inLanguage\":\"ca\",\"@id\":\"https:\\\/\\\/gruasserrat.com\\\/ca\\\/influencia-del-vent-sobre-les-nostres-grues\\\/#primaryimage\",\"url\":\"https:\\\/\\\/gruasserrat.com\\\/wp-content\\\/uploads\\\/2022\\\/08\\\/viento.jpg\",\"contentUrl\":\"https:\\\/\\\/gruasserrat.com\\\/wp-content\\\/uploads\\\/2022\\\/08\\\/viento.jpg\",\"width\":1030,\"height\":687,\"caption\":\"influencia del viento GRUAS SERRAT\"},{\"@type\":\"BreadcrumbList\",\"@id\":\"https:\\\/\\\/gruasserrat.com\\\/ca\\\/influencia-del-vent-sobre-les-nostres-grues\\\/#breadcrumb\",\"itemListElement\":[{\"@type\":\"ListItem\",\"position\":1,\"name\":\"Portada\",\"item\":\"https:\\\/\\\/gruasserrat.com\\\/ca\\\/gruas-serrat\\\/\"},{\"@type\":\"ListItem\",\"position\":2,\"name\":\"influ\u00e8ncia del vent sobre les nostres grues\"}]},{\"@type\":\"WebSite\",\"@id\":\"https:\\\/\\\/gruasserrat.com\\\/#website\",\"url\":\"https:\\\/\\\/gruasserrat.com\\\/\",\"name\":\"Gruas Serrat\",\"description\":\"Alquiler de gr\u00faas I Lloguer de grues\",\"publisher\":{\"@id\":\"https:\\\/\\\/gruasserrat.com\\\/#organization\"},\"potentialAction\":[{\"@type\":\"SearchAction\",\"target\":{\"@type\":\"EntryPoint\",\"urlTemplate\":\"https:\\\/\\\/gruasserrat.com\\\/?s={search_term_string}\"},\"query-input\":{\"@type\":\"PropertyValueSpecification\",\"valueRequired\":true,\"valueName\":\"search_term_string\"}}],\"inLanguage\":\"ca\"},{\"@type\":\"Organization\",\"@id\":\"https:\\\/\\\/gruasserrat.com\\\/#organization\",\"name\":\"Gruas Serrat\",\"url\":\"https:\\\/\\\/gruasserrat.com\\\/\",\"logo\":{\"@type\":\"ImageObject\",\"inLanguage\":\"ca\",\"@id\":\"https:\\\/\\\/gruasserrat.com\\\/#\\\/schema\\\/logo\\\/image\\\/\",\"url\":\"https:\\\/\\\/gruasserrat.com\\\/wp-content\\\/uploads\\\/2019\\\/04\\\/logo-1-GS.png\",\"contentUrl\":\"https:\\\/\\\/gruasserrat.com\\\/wp-content\\\/uploads\\\/2019\\\/04\\\/logo-1-GS.png\",\"width\":416,\"height\":148,\"caption\":\"Gruas Serrat\"},\"image\":{\"@id\":\"https:\\\/\\\/gruasserrat.com\\\/#\\\/schema\\\/logo\\\/image\\\/\"}},{\"@type\":\"Person\",\"@id\":\"https:\\\/\\\/gruasserrat.com\\\/#\\\/schema\\\/person\\\/cf69a24588aa0bc87daf604d7f079d26\",\"name\":\"Maria Isabel\",\"url\":\"https:\\\/\\\/gruasserrat.com\\\/ca\\\/author\\\/maria-isabel\\\/\"}]}<\/script>\n<!-- \/ Yoast SEO plugin. -->","yoast_head_json":{"title":"influ\u00e8ncia del vent sobre les nostres grues - Gruas Serrat","description":"influ\u00e8ncia del vent sobre les nostres grues . Llegeix aquesta i altres noticies al Bloc de Gruas Serrat.","robots":{"index":"index","follow":"follow","max-snippet":"max-snippet:-1","max-image-preview":"max-image-preview:large","max-video-preview":"max-video-preview:-1"},"canonical":"https:\/\/gruasserrat.com\/ca\/influencia-del-vent-sobre-les-nostres-grues\/","og_locale":"ca_ES","og_type":"article","og_title":"influ\u00e8ncia del vent sobre les nostres grues - Gruas Serrat","og_description":"influ\u00e8ncia del vent sobre les nostres grues . Llegeix aquesta i altres noticies al Bloc de Gruas Serrat.","og_url":"https:\/\/gruasserrat.com\/ca\/influencia-del-vent-sobre-les-nostres-grues\/","og_site_name":"Gruas Serrat","article_published_time":"2022-08-25T08:47:28+00:00","article_modified_time":"2022-09-02T07:45:34+00:00","og_image":[{"width":1030,"height":687,"url":"https:\/\/gruasserrat.com\/wp-content\/uploads\/2022\/08\/viento.jpg","type":"image\/jpeg"}],"author":"Maria Isabel","twitter_card":"summary_large_image","twitter_misc":{"Escrit per":"Maria Isabel","Temps estimat de lectura":"4 minuts"},"schema":{"@context":"https:\/\/schema.org","@graph":[{"@type":"Article","@id":"https:\/\/gruasserrat.com\/ca\/influencia-del-vent-sobre-les-nostres-grues\/#article","isPartOf":{"@id":"https:\/\/gruasserrat.com\/ca\/influencia-del-vent-sobre-les-nostres-grues\/"},"author":{"name":"Maria Isabel","@id":"https:\/\/gruasserrat.com\/#\/schema\/person\/cf69a24588aa0bc87daf604d7f079d26"},"headline":"influ\u00e8ncia del vent sobre les nostres grues","datePublished":"2022-08-25T08:47:28+00:00","dateModified":"2022-09-02T07:45:34+00:00","mainEntityOfPage":{"@id":"https:\/\/gruasserrat.com\/ca\/influencia-del-vent-sobre-les-nostres-grues\/"},"wordCount":670,"commentCount":0,"publisher":{"@id":"https:\/\/gruasserrat.com\/#organization"},"image":{"@id":"https:\/\/gruasserrat.com\/ca\/influencia-del-vent-sobre-les-nostres-grues\/#primaryimage"},"thumbnailUrl":"https:\/\/gruasserrat.com\/wp-content\/uploads\/2022\/08\/viento.jpg","keywords":["curso de gruista","Curso formacion","Formaci\u00f3n","gruas m\u00f3viles","grues","tips"],"articleSection":["Not\u00edcies"],"inLanguage":"ca"},{"@type":"WebPage","@id":"https:\/\/gruasserrat.com\/ca\/influencia-del-vent-sobre-les-nostres-grues\/","url":"https:\/\/gruasserrat.com\/ca\/influencia-del-vent-sobre-les-nostres-grues\/","name":"influ\u00e8ncia del vent sobre les nostres grues - Gruas Serrat","isPartOf":{"@id":"https:\/\/gruasserrat.com\/#website"},"primaryImageOfPage":{"@id":"https:\/\/gruasserrat.com\/ca\/influencia-del-vent-sobre-les-nostres-grues\/#primaryimage"},"image":{"@id":"https:\/\/gruasserrat.com\/ca\/influencia-del-vent-sobre-les-nostres-grues\/#primaryimage"},"thumbnailUrl":"https:\/\/gruasserrat.com\/wp-content\/uploads\/2022\/08\/viento.jpg","datePublished":"2022-08-25T08:47:28+00:00","dateModified":"2022-09-02T07:45:34+00:00","description":"influ\u00e8ncia del vent sobre les nostres grues . Llegeix aquesta i altres noticies al Bloc de Gruas Serrat.","breadcrumb":{"@id":"https:\/\/gruasserrat.com\/ca\/influencia-del-vent-sobre-les-nostres-grues\/#breadcrumb"},"inLanguage":"ca","potentialAction":[{"@type":"ReadAction","target":["https:\/\/gruasserrat.com\/ca\/influencia-del-vent-sobre-les-nostres-grues\/"]}]},{"@type":"ImageObject","inLanguage":"ca","@id":"https:\/\/gruasserrat.com\/ca\/influencia-del-vent-sobre-les-nostres-grues\/#primaryimage","url":"https:\/\/gruasserrat.com\/wp-content\/uploads\/2022\/08\/viento.jpg","contentUrl":"https:\/\/gruasserrat.com\/wp-content\/uploads\/2022\/08\/viento.jpg","width":1030,"height":687,"caption":"influencia del viento GRUAS SERRAT"},{"@type":"BreadcrumbList","@id":"https:\/\/gruasserrat.com\/ca\/influencia-del-vent-sobre-les-nostres-grues\/#breadcrumb","itemListElement":[{"@type":"ListItem","position":1,"name":"Portada","item":"https:\/\/gruasserrat.com\/ca\/gruas-serrat\/"},{"@type":"ListItem","position":2,"name":"influ\u00e8ncia del vent sobre les nostres grues"}]},{"@type":"WebSite","@id":"https:\/\/gruasserrat.com\/#website","url":"https:\/\/gruasserrat.com\/","name":"Gruas Serrat","description":"Alquiler de gr\u00faas I Lloguer de grues","publisher":{"@id":"https:\/\/gruasserrat.com\/#organization"},"potentialAction":[{"@type":"SearchAction","target":{"@type":"EntryPoint","urlTemplate":"https:\/\/gruasserrat.com\/?s={search_term_string}"},"query-input":{"@type":"PropertyValueSpecification","valueRequired":true,"valueName":"search_term_string"}}],"inLanguage":"ca"},{"@type":"Organization","@id":"https:\/\/gruasserrat.com\/#organization","name":"Gruas Serrat","url":"https:\/\/gruasserrat.com\/","logo":{"@type":"ImageObject","inLanguage":"ca","@id":"https:\/\/gruasserrat.com\/#\/schema\/logo\/image\/","url":"https:\/\/gruasserrat.com\/wp-content\/uploads\/2019\/04\/logo-1-GS.png","contentUrl":"https:\/\/gruasserrat.com\/wp-content\/uploads\/2019\/04\/logo-1-GS.png","width":416,"height":148,"caption":"Gruas Serrat"},"image":{"@id":"https:\/\/gruasserrat.com\/#\/schema\/logo\/image\/"}},{"@type":"Person","@id":"https:\/\/gruasserrat.com\/#\/schema\/person\/cf69a24588aa0bc87daf604d7f079d26","name":"Maria Isabel","url":"https:\/\/gruasserrat.com\/ca\/author\/maria-isabel\/"}]}},"_links":{"self":[{"href":"https:\/\/gruasserrat.com\/ca\/wp-json\/wp\/v2\/posts\/2956","targetHints":{"allow":["GET"]}}],"collection":[{"href":"https:\/\/gruasserrat.com\/ca\/wp-json\/wp\/v2\/posts"}],"about":[{"href":"https:\/\/gruasserrat.com\/ca\/wp-json\/wp\/v2\/types\/post"}],"author":[{"embeddable":true,"href":"https:\/\/gruasserrat.com\/ca\/wp-json\/wp\/v2\/users\/4"}],"replies":[{"embeddable":true,"href":"https:\/\/gruasserrat.com\/ca\/wp-json\/wp\/v2\/comments?post=2956"}],"version-history":[{"count":6,"href":"https:\/\/gruasserrat.com\/ca\/wp-json\/wp\/v2\/posts\/2956\/revisions"}],"predecessor-version":[{"id":2965,"href":"https:\/\/gruasserrat.com\/ca\/wp-json\/wp\/v2\/posts\/2956\/revisions\/2965"}],"wp:featuredmedia":[{"embeddable":true,"href":"https:\/\/gruasserrat.com\/ca\/wp-json\/wp\/v2\/media\/2953"}],"wp:attachment":[{"href":"https:\/\/gruasserrat.com\/ca\/wp-json\/wp\/v2\/media?parent=2956"}],"wp:term":[{"taxonomy":"category","embeddable":true,"href":"https:\/\/gruasserrat.com\/ca\/wp-json\/wp\/v2\/categories?post=2956"},{"taxonomy":"post_tag","embeddable":true,"href":"https:\/\/gruasserrat.com\/ca\/wp-json\/wp\/v2\/tags?post=2956"}],"curies":[{"name":"wp","href":"https:\/\/api.w.org\/{rel}","templated":true}]}}