{"id":2967,"date":"2022-09-02T12:00:51","date_gmt":"2022-09-02T11:00:51","guid":{"rendered":"https:\/\/gruasserrat.com\/?p=2967"},"modified":"2022-09-02T13:05:25","modified_gmt":"2022-09-02T12:05:25","slug":"mk140-plus-de-liebherr","status":"publish","type":"post","link":"https:\/\/gruasserrat.com\/ca\/mk140-plus-de-liebherr\/","title":{"rendered":"MK140 PLUS de Liebherr"},"content":{"rendered":"<p>Us presentem l\u2019ultima m\u00e0quina que hem incorporat\u00a0 al grup de grues que ja te <strong>GRUAS SERRAT.<\/strong><\/p>\n<h3>MK140 PLUS DE LIEBHERR.<\/h3>\n<p><img decoding=\"async\" class=\"aligncenter wp-image-2976\" src=\"https:\/\/gruasserrat.com\/wp-content\/uploads\/2022\/09\/Grua-MK-140-Serrat-11-1030x773.jpg\" alt=\"\" width=\"948\" height=\"712\" srcset=\"https:\/\/gruasserrat.com\/wp-content\/uploads\/2022\/09\/Grua-MK-140-Serrat-11-1030x773.jpg 1030w, https:\/\/gruasserrat.com\/wp-content\/uploads\/2022\/09\/Grua-MK-140-Serrat-11-300x225.jpg 300w, https:\/\/gruasserrat.com\/wp-content\/uploads\/2022\/09\/Grua-MK-140-Serrat-11-768x576.jpg 768w, https:\/\/gruasserrat.com\/wp-content\/uploads\/2022\/09\/Grua-MK-140-Serrat-11-705x529.jpg 705w, https:\/\/gruasserrat.com\/wp-content\/uploads\/2022\/09\/Grua-MK-140-Serrat-11-450x338.jpg 450w, https:\/\/gruasserrat.com\/wp-content\/uploads\/2022\/09\/Grua-MK-140-Serrat-11.jpg 1200w\" sizes=\"(max-width: 948px) 100vw, 948px\" \/><\/p>\n<p>Ja fa dos anys, v\u00e0rem creure que el mercat de les grues MK, sobre tot a la zona de Catalunya, era factible i que ens donaven la possibilitat d\u2019entrar a llocs on les grues convencionals estan limitades, be sigui per moviment be sigui per envergadura.<\/p>\n<p>Aleshores, veient la bona rendibilitat que aquesta primera MK, <a href=\"https:\/\/gruasserrat.com\/ca\/portfolio-item\/grua-liebherr-mk-88-grua-de-construccio-mobil\/\" target=\"_blank\" rel=\"noopener\"><strong>la MK88 Plus<\/strong><\/a>, ens va donar en aquests dos 2nys, la incorporaci\u00f3 de la Liebherr \u00a0MK140 Plus, va venir rodada.<\/p>\n<p>Barcelona \u00e9s una ciutat on els serveis a vegades es fan en espais redu\u00efts, tenim poc temps per executar la maniobra i es treballa entre edificis amb poc pes a moure per\u00f2 a distancies llargues.<\/p>\n<p>Aquesta nova MK140 Plus, ens permet treballar a m\u00e9s al\u00e7ada i a m\u00e9s radis de treball.<\/p>\n<p><img decoding=\"async\" class=\"aligncenter wp-image-2978\" src=\"https:\/\/gruasserrat.com\/wp-content\/uploads\/2022\/09\/Grua-MK-140-Serrat-12-1030x773.jpg\" alt=\"\" width=\"848\" height=\"637\" srcset=\"https:\/\/gruasserrat.com\/wp-content\/uploads\/2022\/09\/Grua-MK-140-Serrat-12-1030x773.jpg 1030w, https:\/\/gruasserrat.com\/wp-content\/uploads\/2022\/09\/Grua-MK-140-Serrat-12-300x225.jpg 300w, https:\/\/gruasserrat.com\/wp-content\/uploads\/2022\/09\/Grua-MK-140-Serrat-12-768x576.jpg 768w, https:\/\/gruasserrat.com\/wp-content\/uploads\/2022\/09\/Grua-MK-140-Serrat-12-705x529.jpg 705w, https:\/\/gruasserrat.com\/wp-content\/uploads\/2022\/09\/Grua-MK-140-Serrat-12-450x338.jpg 450w, https:\/\/gruasserrat.com\/wp-content\/uploads\/2022\/09\/Grua-MK-140-Serrat-12.jpg 1200w\" sizes=\"(max-width: 848px) 100vw, 848px\" \/><\/p>\n<p>Aquesta MK140 Plus, \u00e9s la primera d\u2019aquestes dimensions que hi ha a Catalunya i a tot el territori espanyol.<\/p>\n<p>Les Mk son com grues-torre de construcci\u00f3, per\u00f2 muntades sobre un xass\u00eds de cami\u00f3. \u00c9s un model compacte de cinc eixos.<\/p>\n<p>Dades t\u00e8cniques:<\/p>\n<table>\n<tbody>\n<tr>\n<td width=\"301\">Abast m\u00e0xim:<\/td>\n<td width=\"217\">65,00 mts.<\/td>\n<\/tr>\n<tr>\n<td width=\"301\">Capacitat de c\u00e0rrega m\u00e0xima<\/td>\n<td width=\"217\">8.000 kg.<\/td>\n<\/tr>\n<tr>\n<td width=\"301\">Al\u00e7ada m\u00e0x. sota ganxo<\/td>\n<td width=\"217\">39,90 mts<\/td>\n<\/tr>\n<tr>\n<td width=\"301\">Posici\u00f3 d\u2019inclinaci\u00f3 de ploma<\/td>\n<td width=\"217\">70<sup>0<\/sup><\/td>\n<\/tr>\n<tr>\n<td width=\"301\">Al\u00e7ada max.sota ganxo en posici\u00f3 inclinada<\/td>\n<td width=\"217\">94,40 mts<\/td>\n<\/tr>\n<tr>\n<td width=\"301\">N\u00famero d\u2019eixos<\/td>\n<td width=\"217\">5<\/td>\n<\/tr>\n<\/tbody>\n<\/table>\n<p>Per saber m\u00e9s dades t\u00e9cniques, aqu\u00ed teniu els cat\u00e0legs del construcctor Liebherr.<\/p>\n<p><a href=\"https:\/\/gruasserrat.com\/wp-content\/uploads\/2022\/09\/Dades-tecnique-MK140-Plus-Gruas-Serrat.pdf\" target=\"_blank\" rel=\"noopener\"><img decoding=\"async\" class=\"alignleft wp-image-2989\" src=\"https:\/\/gruasserrat.com\/wp-content\/uploads\/2022\/09\/Dades-Tecniques-Liebherr-MK140Plus.png\" alt=\"Dades t\u00e8cniques Liebherr MK140 Plus\" width=\"168\" height=\"236\" srcset=\"https:\/\/gruasserrat.com\/wp-content\/uploads\/2022\/09\/Dades-Tecniques-Liebherr-MK140Plus.png 322w, https:\/\/gruasserrat.com\/wp-content\/uploads\/2022\/09\/Dades-Tecniques-Liebherr-MK140Plus-213x300.png 213w\" sizes=\"(max-width: 168px) 100vw, 168px\" \/><\/a><\/p>\n<p><a href=\"https:\/\/gruasserrat.com\/wp-content\/uploads\/2022\/09\/cataleg-MK140-Plus-Gruas-Serrat.pdf\" target=\"_blank\" rel=\"noopener\"><img decoding=\"async\" class=\"wp-image-2991 alignnone\" src=\"https:\/\/gruasserrat.com\/wp-content\/uploads\/2022\/09\/cataleg-MK140-Gruas-Serrat.jpg\" alt=\"\" width=\"174\" height=\"232\" srcset=\"https:\/\/gruasserrat.com\/wp-content\/uploads\/2022\/09\/cataleg-MK140-Gruas-Serrat.jpg 410w, https:\/\/gruasserrat.com\/wp-content\/uploads\/2022\/09\/cataleg-MK140-Gruas-Serrat-225x300.jpg 225w\" sizes=\"(max-width: 174px) 100vw, 174px\" \/><\/a><\/p>\n<p>&nbsp;<\/p>\n<p>No us perdeu el video promocional que ha fet Liebherr de l&#8217;entrega d&#8217;aquesta MK140 Plus al seu canal de <a href=\"https:\/\/youtu.be\/1CvCf2bnFMM\" target=\"_blank\" rel=\"noopener\">YOUTUBE\u00a0<\/a><\/p>\n<p>&nbsp;<\/p>\n<p>&nbsp;<\/p>\n<p>&nbsp;<\/p>\n<p>&nbsp;<\/p>\n","protected":false},"excerpt":{"rendered":"<p>Us presentem l\u2019ultima m\u00e0quina que hem incorporat\u00a0 al grup de grues que ja te GRUAS SERRAT. MK140 PLUS DE LIEBHERR. Ja fa dos anys, v\u00e0rem creure que el mercat de les grues MK, sobre tot a la zona de Catalunya, era factible i que ens donaven la possibilitat d\u2019entrar a llocs on les grues convencionals [&hellip;]<\/p>\n","protected":false},"author":4,"featured_media":2984,"comment_status":"open","ping_status":"open","sticky":false,"template":"","format":"standard","meta":{"footnotes":""},"categories":[49],"tags":[102,86,57,58,85],"class_list":["post-2967","post","type-post","status-publish","format-standard","has-post-thumbnail","hentry","category-noticies","tag-gruas-mk","tag-gruas-moviles-ca","tag-grues","tag-grues-especials","tag-gruesmobils"],"yoast_head":"<!-- This site is optimized with the Yoast SEO plugin v27.4 - https:\/\/yoast.com\/product\/yoast-seo-wordpress\/ -->\n<title>MK140 PLUS de Liebherr - Gruas Serrat<\/title>\n<meta name=\"description\" content=\"MK140 PLUS de Liebherr . Llegeix aquesta i altres noticies al Bloc de Gruas Serrat.\" \/>\n<meta name=\"robots\" content=\"index, follow, max-snippet:-1, max-image-preview:large, max-video-preview:-1\" \/>\n<link rel=\"canonical\" href=\"https:\/\/gruasserrat.com\/ca\/mk140-plus-de-liebherr\/\" \/>\n<meta property=\"og:locale\" content=\"ca_ES\" \/>\n<meta property=\"og:type\" content=\"article\" \/>\n<meta property=\"og:title\" content=\"MK140 PLUS de Liebherr - Gruas Serrat\" \/>\n<meta property=\"og:description\" content=\"MK140 PLUS de Liebherr . Llegeix aquesta i altres noticies al Bloc de Gruas Serrat.\" \/>\n<meta property=\"og:url\" content=\"https:\/\/gruasserrat.com\/ca\/mk140-plus-de-liebherr\/\" \/>\n<meta property=\"og:site_name\" content=\"Gruas Serrat\" \/>\n<meta property=\"article:published_time\" content=\"2022-09-02T11:00:51+00:00\" \/>\n<meta property=\"article:modified_time\" content=\"2022-09-02T12:05:25+00:00\" \/>\n<meta property=\"og:image\" content=\"https:\/\/gruasserrat.com\/wp-content\/uploads\/2022\/09\/Entrega-Liebherr-MK140-Plus-Gruas-Serrat-1030x687.png\" \/>\n\t<meta property=\"og:image:width\" content=\"1030\" \/>\n\t<meta property=\"og:image:height\" content=\"687\" \/>\n\t<meta property=\"og:image:type\" content=\"image\/png\" \/>\n<meta name=\"author\" content=\"Maria Isabel\" \/>\n<meta name=\"twitter:card\" content=\"summary_large_image\" \/>\n<meta name=\"twitter:label1\" content=\"Escrit per\" \/>\n\t<meta name=\"twitter:data1\" content=\"Maria Isabel\" \/>\n\t<meta name=\"twitter:label2\" content=\"Temps estimat de lectura\" \/>\n\t<meta name=\"twitter:data2\" content=\"2 minuts\" \/>\n<script type=\"application\/ld+json\" class=\"yoast-schema-graph\">{\"@context\":\"https:\\\/\\\/schema.org\",\"@graph\":[{\"@type\":\"Article\",\"@id\":\"https:\\\/\\\/gruasserrat.com\\\/ca\\\/mk140-plus-de-liebherr\\\/#article\",\"isPartOf\":{\"@id\":\"https:\\\/\\\/gruasserrat.com\\\/ca\\\/mk140-plus-de-liebherr\\\/\"},\"author\":{\"name\":\"Maria Isabel\",\"@id\":\"https:\\\/\\\/gruasserrat.com\\\/#\\\/schema\\\/person\\\/cf69a24588aa0bc87daf604d7f079d26\"},\"headline\":\"MK140 PLUS de Liebherr\",\"datePublished\":\"2022-09-02T11:00:51+00:00\",\"dateModified\":\"2022-09-02T12:05:25+00:00\",\"mainEntityOfPage\":{\"@id\":\"https:\\\/\\\/gruasserrat.com\\\/ca\\\/mk140-plus-de-liebherr\\\/\"},\"wordCount\":280,\"commentCount\":0,\"publisher\":{\"@id\":\"https:\\\/\\\/gruasserrat.com\\\/#organization\"},\"image\":{\"@id\":\"https:\\\/\\\/gruasserrat.com\\\/ca\\\/mk140-plus-de-liebherr\\\/#primaryimage\"},\"thumbnailUrl\":\"https:\\\/\\\/gruasserrat.com\\\/wp-content\\\/uploads\\\/2022\\\/09\\\/Entrega-Liebherr-MK140-Plus-Gruas-Serrat.png\",\"keywords\":[\"Gruas MK\",\"gruas m\u00f3viles\",\"grues\",\"grues especials\",\"gruesmobils\"],\"articleSection\":[\"Not\u00edcies\"],\"inLanguage\":\"ca\"},{\"@type\":\"WebPage\",\"@id\":\"https:\\\/\\\/gruasserrat.com\\\/ca\\\/mk140-plus-de-liebherr\\\/\",\"url\":\"https:\\\/\\\/gruasserrat.com\\\/ca\\\/mk140-plus-de-liebherr\\\/\",\"name\":\"MK140 PLUS de Liebherr - Gruas Serrat\",\"isPartOf\":{\"@id\":\"https:\\\/\\\/gruasserrat.com\\\/#website\"},\"primaryImageOfPage\":{\"@id\":\"https:\\\/\\\/gruasserrat.com\\\/ca\\\/mk140-plus-de-liebherr\\\/#primaryimage\"},\"image\":{\"@id\":\"https:\\\/\\\/gruasserrat.com\\\/ca\\\/mk140-plus-de-liebherr\\\/#primaryimage\"},\"thumbnailUrl\":\"https:\\\/\\\/gruasserrat.com\\\/wp-content\\\/uploads\\\/2022\\\/09\\\/Entrega-Liebherr-MK140-Plus-Gruas-Serrat.png\",\"datePublished\":\"2022-09-02T11:00:51+00:00\",\"dateModified\":\"2022-09-02T12:05:25+00:00\",\"description\":\"MK140 PLUS de Liebherr . Llegeix aquesta i altres noticies al Bloc de Gruas Serrat.\",\"breadcrumb\":{\"@id\":\"https:\\\/\\\/gruasserrat.com\\\/ca\\\/mk140-plus-de-liebherr\\\/#breadcrumb\"},\"inLanguage\":\"ca\",\"potentialAction\":[{\"@type\":\"ReadAction\",\"target\":[\"https:\\\/\\\/gruasserrat.com\\\/ca\\\/mk140-plus-de-liebherr\\\/\"]}]},{\"@type\":\"ImageObject\",\"inLanguage\":\"ca\",\"@id\":\"https:\\\/\\\/gruasserrat.com\\\/ca\\\/mk140-plus-de-liebherr\\\/#primaryimage\",\"url\":\"https:\\\/\\\/gruasserrat.com\\\/wp-content\\\/uploads\\\/2022\\\/09\\\/Entrega-Liebherr-MK140-Plus-Gruas-Serrat.png\",\"contentUrl\":\"https:\\\/\\\/gruasserrat.com\\\/wp-content\\\/uploads\\\/2022\\\/09\\\/Entrega-Liebherr-MK140-Plus-Gruas-Serrat.png\",\"width\":1280,\"height\":854,\"caption\":\"Entrega Liebherr MK140Plus - Gruas Palau\"},{\"@type\":\"BreadcrumbList\",\"@id\":\"https:\\\/\\\/gruasserrat.com\\\/ca\\\/mk140-plus-de-liebherr\\\/#breadcrumb\",\"itemListElement\":[{\"@type\":\"ListItem\",\"position\":1,\"name\":\"Portada\",\"item\":\"https:\\\/\\\/gruasserrat.com\\\/ca\\\/gruas-serrat\\\/\"},{\"@type\":\"ListItem\",\"position\":2,\"name\":\"MK140 PLUS de Liebherr\"}]},{\"@type\":\"WebSite\",\"@id\":\"https:\\\/\\\/gruasserrat.com\\\/#website\",\"url\":\"https:\\\/\\\/gruasserrat.com\\\/\",\"name\":\"Gruas Serrat\",\"description\":\"Alquiler de gr\u00faas I Lloguer de grues\",\"publisher\":{\"@id\":\"https:\\\/\\\/gruasserrat.com\\\/#organization\"},\"potentialAction\":[{\"@type\":\"SearchAction\",\"target\":{\"@type\":\"EntryPoint\",\"urlTemplate\":\"https:\\\/\\\/gruasserrat.com\\\/?s={search_term_string}\"},\"query-input\":{\"@type\":\"PropertyValueSpecification\",\"valueRequired\":true,\"valueName\":\"search_term_string\"}}],\"inLanguage\":\"ca\"},{\"@type\":\"Organization\",\"@id\":\"https:\\\/\\\/gruasserrat.com\\\/#organization\",\"name\":\"Gruas Serrat\",\"url\":\"https:\\\/\\\/gruasserrat.com\\\/\",\"logo\":{\"@type\":\"ImageObject\",\"inLanguage\":\"ca\",\"@id\":\"https:\\\/\\\/gruasserrat.com\\\/#\\\/schema\\\/logo\\\/image\\\/\",\"url\":\"https:\\\/\\\/gruasserrat.com\\\/wp-content\\\/uploads\\\/2019\\\/04\\\/logo-1-GS.png\",\"contentUrl\":\"https:\\\/\\\/gruasserrat.com\\\/wp-content\\\/uploads\\\/2019\\\/04\\\/logo-1-GS.png\",\"width\":416,\"height\":148,\"caption\":\"Gruas Serrat\"},\"image\":{\"@id\":\"https:\\\/\\\/gruasserrat.com\\\/#\\\/schema\\\/logo\\\/image\\\/\"}},{\"@type\":\"Person\",\"@id\":\"https:\\\/\\\/gruasserrat.com\\\/#\\\/schema\\\/person\\\/cf69a24588aa0bc87daf604d7f079d26\",\"name\":\"Maria Isabel\",\"url\":\"https:\\\/\\\/gruasserrat.com\\\/ca\\\/author\\\/maria-isabel\\\/\"}]}<\/script>\n<!-- \/ Yoast SEO plugin. -->","yoast_head_json":{"title":"MK140 PLUS de Liebherr - Gruas Serrat","description":"MK140 PLUS de Liebherr . Llegeix aquesta i altres noticies al Bloc de Gruas Serrat.","robots":{"index":"index","follow":"follow","max-snippet":"max-snippet:-1","max-image-preview":"max-image-preview:large","max-video-preview":"max-video-preview:-1"},"canonical":"https:\/\/gruasserrat.com\/ca\/mk140-plus-de-liebherr\/","og_locale":"ca_ES","og_type":"article","og_title":"MK140 PLUS de Liebherr - Gruas Serrat","og_description":"MK140 PLUS de Liebherr . Llegeix aquesta i altres noticies al Bloc de Gruas Serrat.","og_url":"https:\/\/gruasserrat.com\/ca\/mk140-plus-de-liebherr\/","og_site_name":"Gruas Serrat","article_published_time":"2022-09-02T11:00:51+00:00","article_modified_time":"2022-09-02T12:05:25+00:00","og_image":[{"width":1030,"height":687,"url":"https:\/\/gruasserrat.com\/wp-content\/uploads\/2022\/09\/Entrega-Liebherr-MK140-Plus-Gruas-Serrat-1030x687.png","type":"image\/png"}],"author":"Maria Isabel","twitter_card":"summary_large_image","twitter_misc":{"Escrit per":"Maria Isabel","Temps estimat de lectura":"2 minuts"},"schema":{"@context":"https:\/\/schema.org","@graph":[{"@type":"Article","@id":"https:\/\/gruasserrat.com\/ca\/mk140-plus-de-liebherr\/#article","isPartOf":{"@id":"https:\/\/gruasserrat.com\/ca\/mk140-plus-de-liebherr\/"},"author":{"name":"Maria Isabel","@id":"https:\/\/gruasserrat.com\/#\/schema\/person\/cf69a24588aa0bc87daf604d7f079d26"},"headline":"MK140 PLUS de Liebherr","datePublished":"2022-09-02T11:00:51+00:00","dateModified":"2022-09-02T12:05:25+00:00","mainEntityOfPage":{"@id":"https:\/\/gruasserrat.com\/ca\/mk140-plus-de-liebherr\/"},"wordCount":280,"commentCount":0,"publisher":{"@id":"https:\/\/gruasserrat.com\/#organization"},"image":{"@id":"https:\/\/gruasserrat.com\/ca\/mk140-plus-de-liebherr\/#primaryimage"},"thumbnailUrl":"https:\/\/gruasserrat.com\/wp-content\/uploads\/2022\/09\/Entrega-Liebherr-MK140-Plus-Gruas-Serrat.png","keywords":["Gruas MK","gruas m\u00f3viles","grues","grues especials","gruesmobils"],"articleSection":["Not\u00edcies"],"inLanguage":"ca"},{"@type":"WebPage","@id":"https:\/\/gruasserrat.com\/ca\/mk140-plus-de-liebherr\/","url":"https:\/\/gruasserrat.com\/ca\/mk140-plus-de-liebherr\/","name":"MK140 PLUS de Liebherr - Gruas Serrat","isPartOf":{"@id":"https:\/\/gruasserrat.com\/#website"},"primaryImageOfPage":{"@id":"https:\/\/gruasserrat.com\/ca\/mk140-plus-de-liebherr\/#primaryimage"},"image":{"@id":"https:\/\/gruasserrat.com\/ca\/mk140-plus-de-liebherr\/#primaryimage"},"thumbnailUrl":"https:\/\/gruasserrat.com\/wp-content\/uploads\/2022\/09\/Entrega-Liebherr-MK140-Plus-Gruas-Serrat.png","datePublished":"2022-09-02T11:00:51+00:00","dateModified":"2022-09-02T12:05:25+00:00","description":"MK140 PLUS de Liebherr . Llegeix aquesta i altres noticies al Bloc de Gruas Serrat.","breadcrumb":{"@id":"https:\/\/gruasserrat.com\/ca\/mk140-plus-de-liebherr\/#breadcrumb"},"inLanguage":"ca","potentialAction":[{"@type":"ReadAction","target":["https:\/\/gruasserrat.com\/ca\/mk140-plus-de-liebherr\/"]}]},{"@type":"ImageObject","inLanguage":"ca","@id":"https:\/\/gruasserrat.com\/ca\/mk140-plus-de-liebherr\/#primaryimage","url":"https:\/\/gruasserrat.com\/wp-content\/uploads\/2022\/09\/Entrega-Liebherr-MK140-Plus-Gruas-Serrat.png","contentUrl":"https:\/\/gruasserrat.com\/wp-content\/uploads\/2022\/09\/Entrega-Liebherr-MK140-Plus-Gruas-Serrat.png","width":1280,"height":854,"caption":"Entrega Liebherr MK140Plus - Gruas Palau"},{"@type":"BreadcrumbList","@id":"https:\/\/gruasserrat.com\/ca\/mk140-plus-de-liebherr\/#breadcrumb","itemListElement":[{"@type":"ListItem","position":1,"name":"Portada","item":"https:\/\/gruasserrat.com\/ca\/gruas-serrat\/"},{"@type":"ListItem","position":2,"name":"MK140 PLUS de Liebherr"}]},{"@type":"WebSite","@id":"https:\/\/gruasserrat.com\/#website","url":"https:\/\/gruasserrat.com\/","name":"Gruas Serrat","description":"Alquiler de gr\u00faas I Lloguer de grues","publisher":{"@id":"https:\/\/gruasserrat.com\/#organization"},"potentialAction":[{"@type":"SearchAction","target":{"@type":"EntryPoint","urlTemplate":"https:\/\/gruasserrat.com\/?s={search_term_string}"},"query-input":{"@type":"PropertyValueSpecification","valueRequired":true,"valueName":"search_term_string"}}],"inLanguage":"ca"},{"@type":"Organization","@id":"https:\/\/gruasserrat.com\/#organization","name":"Gruas Serrat","url":"https:\/\/gruasserrat.com\/","logo":{"@type":"ImageObject","inLanguage":"ca","@id":"https:\/\/gruasserrat.com\/#\/schema\/logo\/image\/","url":"https:\/\/gruasserrat.com\/wp-content\/uploads\/2019\/04\/logo-1-GS.png","contentUrl":"https:\/\/gruasserrat.com\/wp-content\/uploads\/2019\/04\/logo-1-GS.png","width":416,"height":148,"caption":"Gruas Serrat"},"image":{"@id":"https:\/\/gruasserrat.com\/#\/schema\/logo\/image\/"}},{"@type":"Person","@id":"https:\/\/gruasserrat.com\/#\/schema\/person\/cf69a24588aa0bc87daf604d7f079d26","name":"Maria Isabel","url":"https:\/\/gruasserrat.com\/ca\/author\/maria-isabel\/"}]}},"_links":{"self":[{"href":"https:\/\/gruasserrat.com\/ca\/wp-json\/wp\/v2\/posts\/2967","targetHints":{"allow":["GET"]}}],"collection":[{"href":"https:\/\/gruasserrat.com\/ca\/wp-json\/wp\/v2\/posts"}],"about":[{"href":"https:\/\/gruasserrat.com\/ca\/wp-json\/wp\/v2\/types\/post"}],"author":[{"embeddable":true,"href":"https:\/\/gruasserrat.com\/ca\/wp-json\/wp\/v2\/users\/4"}],"replies":[{"embeddable":true,"href":"https:\/\/gruasserrat.com\/ca\/wp-json\/wp\/v2\/comments?post=2967"}],"version-history":[{"count":9,"href":"https:\/\/gruasserrat.com\/ca\/wp-json\/wp\/v2\/posts\/2967\/revisions"}],"predecessor-version":[{"id":3011,"href":"https:\/\/gruasserrat.com\/ca\/wp-json\/wp\/v2\/posts\/2967\/revisions\/3011"}],"wp:featuredmedia":[{"embeddable":true,"href":"https:\/\/gruasserrat.com\/ca\/wp-json\/wp\/v2\/media\/2984"}],"wp:attachment":[{"href":"https:\/\/gruasserrat.com\/ca\/wp-json\/wp\/v2\/media?parent=2967"}],"wp:term":[{"taxonomy":"category","embeddable":true,"href":"https:\/\/gruasserrat.com\/ca\/wp-json\/wp\/v2\/categories?post=2967"},{"taxonomy":"post_tag","embeddable":true,"href":"https:\/\/gruasserrat.com\/ca\/wp-json\/wp\/v2\/tags?post=2967"}],"curies":[{"name":"wp","href":"https:\/\/api.w.org\/{rel}","templated":true}]}}