{"id":3140,"date":"2024-05-02T12:24:34","date_gmt":"2024-05-02T11:24:34","guid":{"rendered":"https:\/\/gruasserrat.com\/?p=3140"},"modified":"2024-05-02T12:24:34","modified_gmt":"2024-05-02T11:24:34","slug":"el-pailebot-santa-eulalia","status":"publish","type":"post","link":"https:\/\/gruasserrat.com\/ca\/el-pailebot-santa-eulalia\/","title":{"rendered":"EL PAILEBOT SANTA EULALIA"},"content":{"rendered":"<p>&nbsp;<\/p>\n<p>El cap de setmana del 7\/10\/2022 al 9\/10\/2022 es va celebrar en La R\u00e0pita la festa dels \u201cORIGENS.\u201d<\/p>\n<p>..\/&#8230;<\/p>\n<p>&nbsp;<\/p>\n<p><em>Or\u00edgens \u00e9s la reivindicaci\u00f3 del passat m\u00e9s recent de La R\u00e0pita lloc en valor, reviscut i interpretat per la ciutadania. El fet &#8220;rapitenc&#8221; explicat pels &#8220;rapitencs&#8221; a locals i forans.<\/em><\/p>\n<p><em>Al llarg d&#8217;un cap de setmana es vol posar de relleu la singularitat econ\u00f2mica i social de la poblaci\u00f3 a inicis del segle XX. Unes singularitats representades per dos grups socials: els pescadors i mariners, d&#8217;una banda, i el m\u00f3n pag\u00e8s i ramader d&#8217;una altra, aix\u00ed com tot all\u00f2 que gira al voltant d&#8217;aquestes dues.<\/em><\/p>\n<p>&#8230;\/&#8230;\u00a0 fragment de la web: \u00a0<a href=\"https:\/\/viulosorigens.cat\/\" target=\"_blank\" rel=\"noopener\">VIU ELS ORIGENS<\/a><\/p>\n<p><img decoding=\"async\" class=\"aligncenter wp-image-3085\" src=\"https:\/\/gruasserrat.com\/wp-content\/uploads\/2022\/10\/Pailebot-Santa-Eulalia-1919.jpg\" alt=\"\" width=\"462\" height=\"320\" srcset=\"https:\/\/gruasserrat.com\/wp-content\/uploads\/2022\/10\/Pailebot-Santa-Eulalia-1919.jpg 799w, https:\/\/gruasserrat.com\/wp-content\/uploads\/2022\/10\/Pailebot-Santa-Eulalia-1919-300x208.jpg 300w, https:\/\/gruasserrat.com\/wp-content\/uploads\/2022\/10\/Pailebot-Santa-Eulalia-1919-768x533.jpg 768w, https:\/\/gruasserrat.com\/wp-content\/uploads\/2022\/10\/Pailebot-Santa-Eulalia-1919-705x489.jpg 705w\" sizes=\"(max-width: 462px) 100vw, 462px\" \/><\/p>\n<p>I al seu port va atracar el \u201cPailebot Santa Eul\u00e0lia\u201d. Un valer de 3 pals centenari que forma part de la flota del Museu Mar\u00edtim de Barcelona.<\/p>\n<p>Va ser constru\u00eft el 1918 a la platja de Torrevella (Alacant) per l&#8217;armador Pascual Flores i el va batejar amb el nom de la seva filla, Carmen Flores.<\/p>\n<p>El 1919 rep la Patent de Navegaci\u00f3 i el 1921 fa el seu primer viatge a Am\u00e8rica, d&#8217;Alacant a Manzanillo i a Santiago de Cuba.<\/p>\n<p>Despr\u00e9s de passar per varies mans i diferents noms, el 1996 deixa de navegar. I el 1997 \u00e9s adquirit pel Museu Mar\u00edtim de Barcelona, que entre els anys 1998 i 1999 va fer els treballs de restauraci\u00f3 per a retornar-li l&#8217;aparen\u00e7a original i incorporar-ho a la seva col\u00b7lecci\u00f3.<\/p>\n<p><img decoding=\"async\" class=\"aligncenter wp-image-3074\" src=\"https:\/\/gruasserrat.com\/wp-content\/uploads\/2022\/10\/53321F.jpg\" alt=\"restauraci\u00f3n del Pailebot Sta Eul\u00e0lia - MMS\" width=\"449\" height=\"283\" srcset=\"https:\/\/gruasserrat.com\/wp-content\/uploads\/2022\/10\/53321F.jpg 800w, https:\/\/gruasserrat.com\/wp-content\/uploads\/2022\/10\/53321F-300x189.jpg 300w, https:\/\/gruasserrat.com\/wp-content\/uploads\/2022\/10\/53321F-768x484.jpg 768w, https:\/\/gruasserrat.com\/wp-content\/uploads\/2022\/10\/53321F-705x444.jpg 705w\" sizes=\"(max-width: 449px) 100vw, 449px\" \/><\/p>\n<p>&nbsp;<\/p>\n<p>L&#8217;any 2000 el pailebot va tornar a l&#8217;aigua rebatejat amb el nom de Santa Eul\u00e0lia, en honor a la copatrona de la ciutat.<\/p>\n<h5>I tota aquesta explicaci\u00f3, per qu\u00e8? Us preguntareu.<\/h5>\n<p>Tant l&#8217;hissada com la nova botadura a l&#8217;aigua del Santa Eul\u00e0lia, va ser possible al treball en equip d&#8217;una de les nostres grues, la *DEMAG AC300, i una grua de Gruas JJ SA.<\/p>\n<div id=\"attachment_3072\" style=\"width: 499px\" class=\"wp-caption aligncenter\"><img decoding=\"async\" aria-describedby=\"caption-attachment-3072\" class=\"wp-image-3072\" src=\"https:\/\/gruasserrat.com\/wp-content\/uploads\/2022\/10\/52937F.jpg\" alt=\"MMS - Puerto de Barcelona - izado del Pailebot Santa Eul\u00e0lia - GRUAS SERRAT \" width=\"489\" height=\"306\" srcset=\"https:\/\/gruasserrat.com\/wp-content\/uploads\/2022\/10\/52937F.jpg 800w, https:\/\/gruasserrat.com\/wp-content\/uploads\/2022\/10\/52937F-300x188.jpg 300w, https:\/\/gruasserrat.com\/wp-content\/uploads\/2022\/10\/52937F-768x480.jpg 768w, https:\/\/gruasserrat.com\/wp-content\/uploads\/2022\/10\/52937F-705x441.jpg 705w\" sizes=\"(max-width: 489px) 100vw, 489px\" \/><p id=\"caption-attachment-3072\" class=\"wp-caption-text\">MMB- Puerto de Barcelona &#8211; izado del Pailebot Santa Eul\u00e0lia &#8211; GRUAS SERRAT &#8211; a\u00f1o 1998<\/p><\/div>\n<p>Aquesta DemacAC300 era una gr\u00faa de 6 eixoss (6&#215;12.000Kg) amb 59m de ploma y dos plomins para acabar arribant a una altura de 67,7m (59,0+10,7) y 80.7m (59,0+21,7m)<\/p>\n<p>&nbsp;<\/p>\n<div id=\"attachment_3070\" style=\"width: 372px\" class=\"wp-caption aligncenter\"><img decoding=\"async\" aria-describedby=\"caption-attachment-3070\" class=\"wp-image-3070\" src=\"https:\/\/gruasserrat.com\/wp-content\/uploads\/2022\/10\/52130F.jpg\" alt=\"RE-botadura del Pailebot Sta.Eul\u00e0lia - Port de BCN - Gruas Serrat\" width=\"362\" height=\"241\" srcset=\"https:\/\/gruasserrat.com\/wp-content\/uploads\/2022\/10\/52130F.jpg 800w, https:\/\/gruasserrat.com\/wp-content\/uploads\/2022\/10\/52130F-300x200.jpg 300w, https:\/\/gruasserrat.com\/wp-content\/uploads\/2022\/10\/52130F-768x512.jpg 768w, https:\/\/gruasserrat.com\/wp-content\/uploads\/2022\/10\/52130F-705x470.jpg 705w\" sizes=\"(max-width: 362px) 100vw, 362px\" \/><p id=\"caption-attachment-3070\" class=\"wp-caption-text\">MMS &#8211; botadura del Pailebot Sta.Eul\u00e0lia &#8211; Port de BCN &#8211; Gruas Serrat &#8211; a\u00f1o 2000<\/p><\/div>\n<blockquote><p><span style=\"text-align: center;\">\u00a0Treballar en equip divideix el treball y multiplica els resutats<\/span><\/p><\/blockquote>\n<p>&nbsp;<\/p>\n<p>&nbsp;<\/p>\n<h6>Fotos del archivo fotogr\u00e1fico del Museu mar\u00edtim de Barcelona<\/h6>\n<h6>Para saber m\u00e1s del Pailebot Santa Eul\u00e0lia: <a href=\"https:\/\/www.mmb.cat\/pailebot-santa-eulalia-2\/\">https:\/\/www.mmb.cat\/pailebot-santa-eulalia-2\/<\/a><\/h6>\n<p>&nbsp;<\/p>\n","protected":false},"excerpt":{"rendered":"<p>&nbsp; El cap de setmana del 7\/10\/2022 al 9\/10\/2022 es va celebrar en La R\u00e0pita la festa dels \u201cORIGENS.\u201d ..\/&#8230; &nbsp; Or\u00edgens \u00e9s la reivindicaci\u00f3 del passat m\u00e9s recent de La R\u00e0pita lloc en valor, reviscut i interpretat per la ciutadania. El fet &#8220;rapitenc&#8221; explicat pels &#8220;rapitencs&#8221; a locals i forans. Al llarg d&#8217;un cap [&hellip;]<\/p>\n","protected":false},"author":4,"featured_media":3084,"comment_status":"closed","ping_status":"closed","sticky":false,"template":"","format":"standard","meta":{"footnotes":""},"categories":[49],"tags":[94,90],"class_list":["post-3140","post","type-post","status-publish","format-standard","has-post-thumbnail","hentry","category-noticies","tag-eventos-ca","tag-tips-ca"],"yoast_head":"<!-- This site is optimized with the Yoast SEO plugin v27.4 - https:\/\/yoast.com\/product\/yoast-seo-wordpress\/ -->\n<title>EL PAILEBOT SANTA EULALIA - Gruas Serrat<\/title>\n<meta name=\"description\" content=\"EL PAILEBOT SANTA EULALIA . Llegeix aquesta i altres noticies al Bloc de Gruas Serrat.\" \/>\n<meta name=\"robots\" content=\"index, follow, max-snippet:-1, max-image-preview:large, max-video-preview:-1\" \/>\n<link rel=\"canonical\" href=\"https:\/\/gruasserrat.com\/ca\/el-pailebot-santa-eulalia\/\" \/>\n<meta property=\"og:locale\" content=\"ca_ES\" \/>\n<meta property=\"og:type\" content=\"article\" \/>\n<meta property=\"og:title\" content=\"EL PAILEBOT SANTA EULALIA - Gruas Serrat\" \/>\n<meta property=\"og:description\" content=\"EL PAILEBOT SANTA EULALIA . Llegeix aquesta i altres noticies al Bloc de Gruas Serrat.\" \/>\n<meta property=\"og:url\" content=\"https:\/\/gruasserrat.com\/ca\/el-pailebot-santa-eulalia\/\" \/>\n<meta property=\"og:site_name\" content=\"Gruas Serrat\" \/>\n<meta property=\"article:published_time\" content=\"2024-05-02T11:24:34+00:00\" \/>\n<meta property=\"og:image\" content=\"https:\/\/gruasserrat.com\/wp-content\/uploads\/2022\/10\/PAILEBOT-STA.EULALIA-Port-la-rapita-GruasSerrat.jpg\" \/>\n\t<meta property=\"og:image:width\" content=\"640\" \/>\n\t<meta property=\"og:image:height\" content=\"480\" \/>\n\t<meta property=\"og:image:type\" content=\"image\/jpeg\" \/>\n<meta name=\"author\" content=\"Maria Isabel\" \/>\n<meta name=\"twitter:card\" content=\"summary_large_image\" \/>\n<meta name=\"twitter:label1\" content=\"Escrit per\" \/>\n\t<meta name=\"twitter:data1\" content=\"Maria Isabel\" \/>\n\t<meta name=\"twitter:label2\" content=\"Temps estimat de lectura\" \/>\n\t<meta name=\"twitter:data2\" content=\"3 minuts\" \/>\n<script type=\"application\/ld+json\" class=\"yoast-schema-graph\">{\"@context\":\"https:\\\/\\\/schema.org\",\"@graph\":[{\"@type\":\"Article\",\"@id\":\"https:\\\/\\\/gruasserrat.com\\\/ca\\\/el-pailebot-santa-eulalia\\\/#article\",\"isPartOf\":{\"@id\":\"https:\\\/\\\/gruasserrat.com\\\/ca\\\/el-pailebot-santa-eulalia\\\/\"},\"author\":{\"name\":\"Maria Isabel\",\"@id\":\"https:\\\/\\\/gruasserrat.com\\\/#\\\/schema\\\/person\\\/cf69a24588aa0bc87daf604d7f079d26\"},\"headline\":\"EL PAILEBOT SANTA EULALIA\",\"datePublished\":\"2024-05-02T11:24:34+00:00\",\"mainEntityOfPage\":{\"@id\":\"https:\\\/\\\/gruasserrat.com\\\/ca\\\/el-pailebot-santa-eulalia\\\/\"},\"wordCount\":443,\"publisher\":{\"@id\":\"https:\\\/\\\/gruasserrat.com\\\/#organization\"},\"image\":{\"@id\":\"https:\\\/\\\/gruasserrat.com\\\/ca\\\/el-pailebot-santa-eulalia\\\/#primaryimage\"},\"thumbnailUrl\":\"https:\\\/\\\/gruasserrat.com\\\/wp-content\\\/uploads\\\/2022\\\/10\\\/PAILEBOT-STA.EULALIA-Port-la-rapita-GruasSerrat.jpg\",\"keywords\":[\"eventos\",\"tips\"],\"articleSection\":[\"Not\u00edcies\"],\"inLanguage\":\"ca\"},{\"@type\":\"WebPage\",\"@id\":\"https:\\\/\\\/gruasserrat.com\\\/ca\\\/el-pailebot-santa-eulalia\\\/\",\"url\":\"https:\\\/\\\/gruasserrat.com\\\/ca\\\/el-pailebot-santa-eulalia\\\/\",\"name\":\"EL PAILEBOT SANTA EULALIA - Gruas Serrat\",\"isPartOf\":{\"@id\":\"https:\\\/\\\/gruasserrat.com\\\/#website\"},\"primaryImageOfPage\":{\"@id\":\"https:\\\/\\\/gruasserrat.com\\\/ca\\\/el-pailebot-santa-eulalia\\\/#primaryimage\"},\"image\":{\"@id\":\"https:\\\/\\\/gruasserrat.com\\\/ca\\\/el-pailebot-santa-eulalia\\\/#primaryimage\"},\"thumbnailUrl\":\"https:\\\/\\\/gruasserrat.com\\\/wp-content\\\/uploads\\\/2022\\\/10\\\/PAILEBOT-STA.EULALIA-Port-la-rapita-GruasSerrat.jpg\",\"datePublished\":\"2024-05-02T11:24:34+00:00\",\"description\":\"EL PAILEBOT SANTA EULALIA . Llegeix aquesta i altres noticies al Bloc de Gruas Serrat.\",\"breadcrumb\":{\"@id\":\"https:\\\/\\\/gruasserrat.com\\\/ca\\\/el-pailebot-santa-eulalia\\\/#breadcrumb\"},\"inLanguage\":\"ca\",\"potentialAction\":[{\"@type\":\"ReadAction\",\"target\":[\"https:\\\/\\\/gruasserrat.com\\\/ca\\\/el-pailebot-santa-eulalia\\\/\"]}]},{\"@type\":\"ImageObject\",\"inLanguage\":\"ca\",\"@id\":\"https:\\\/\\\/gruasserrat.com\\\/ca\\\/el-pailebot-santa-eulalia\\\/#primaryimage\",\"url\":\"https:\\\/\\\/gruasserrat.com\\\/wp-content\\\/uploads\\\/2022\\\/10\\\/PAILEBOT-STA.EULALIA-Port-la-rapita-GruasSerrat.jpg\",\"contentUrl\":\"https:\\\/\\\/gruasserrat.com\\\/wp-content\\\/uploads\\\/2022\\\/10\\\/PAILEBOT-STA.EULALIA-Port-la-rapita-GruasSerrat.jpg\",\"width\":640,\"height\":480},{\"@type\":\"BreadcrumbList\",\"@id\":\"https:\\\/\\\/gruasserrat.com\\\/ca\\\/el-pailebot-santa-eulalia\\\/#breadcrumb\",\"itemListElement\":[{\"@type\":\"ListItem\",\"position\":1,\"name\":\"Portada\",\"item\":\"https:\\\/\\\/gruasserrat.com\\\/ca\\\/gruas-serrat\\\/\"},{\"@type\":\"ListItem\",\"position\":2,\"name\":\"EL PAILEBOT SANTA EULALIA\"}]},{\"@type\":\"WebSite\",\"@id\":\"https:\\\/\\\/gruasserrat.com\\\/#website\",\"url\":\"https:\\\/\\\/gruasserrat.com\\\/\",\"name\":\"Gruas Serrat\",\"description\":\"Alquiler de gr\u00faas I Lloguer de grues\",\"publisher\":{\"@id\":\"https:\\\/\\\/gruasserrat.com\\\/#organization\"},\"potentialAction\":[{\"@type\":\"SearchAction\",\"target\":{\"@type\":\"EntryPoint\",\"urlTemplate\":\"https:\\\/\\\/gruasserrat.com\\\/?s={search_term_string}\"},\"query-input\":{\"@type\":\"PropertyValueSpecification\",\"valueRequired\":true,\"valueName\":\"search_term_string\"}}],\"inLanguage\":\"ca\"},{\"@type\":\"Organization\",\"@id\":\"https:\\\/\\\/gruasserrat.com\\\/#organization\",\"name\":\"Gruas Serrat\",\"url\":\"https:\\\/\\\/gruasserrat.com\\\/\",\"logo\":{\"@type\":\"ImageObject\",\"inLanguage\":\"ca\",\"@id\":\"https:\\\/\\\/gruasserrat.com\\\/#\\\/schema\\\/logo\\\/image\\\/\",\"url\":\"https:\\\/\\\/gruasserrat.com\\\/wp-content\\\/uploads\\\/2019\\\/04\\\/logo-1-GS.png\",\"contentUrl\":\"https:\\\/\\\/gruasserrat.com\\\/wp-content\\\/uploads\\\/2019\\\/04\\\/logo-1-GS.png\",\"width\":416,\"height\":148,\"caption\":\"Gruas Serrat\"},\"image\":{\"@id\":\"https:\\\/\\\/gruasserrat.com\\\/#\\\/schema\\\/logo\\\/image\\\/\"}},{\"@type\":\"Person\",\"@id\":\"https:\\\/\\\/gruasserrat.com\\\/#\\\/schema\\\/person\\\/cf69a24588aa0bc87daf604d7f079d26\",\"name\":\"Maria Isabel\",\"url\":\"https:\\\/\\\/gruasserrat.com\\\/ca\\\/author\\\/maria-isabel\\\/\"}]}<\/script>\n<!-- \/ Yoast SEO plugin. -->","yoast_head_json":{"title":"EL PAILEBOT SANTA EULALIA - Gruas Serrat","description":"EL PAILEBOT SANTA EULALIA . Llegeix aquesta i altres noticies al Bloc de Gruas Serrat.","robots":{"index":"index","follow":"follow","max-snippet":"max-snippet:-1","max-image-preview":"max-image-preview:large","max-video-preview":"max-video-preview:-1"},"canonical":"https:\/\/gruasserrat.com\/ca\/el-pailebot-santa-eulalia\/","og_locale":"ca_ES","og_type":"article","og_title":"EL PAILEBOT SANTA EULALIA - Gruas Serrat","og_description":"EL PAILEBOT SANTA EULALIA . Llegeix aquesta i altres noticies al Bloc de Gruas Serrat.","og_url":"https:\/\/gruasserrat.com\/ca\/el-pailebot-santa-eulalia\/","og_site_name":"Gruas Serrat","article_published_time":"2024-05-02T11:24:34+00:00","og_image":[{"width":640,"height":480,"url":"https:\/\/gruasserrat.com\/wp-content\/uploads\/2022\/10\/PAILEBOT-STA.EULALIA-Port-la-rapita-GruasSerrat.jpg","type":"image\/jpeg"}],"author":"Maria Isabel","twitter_card":"summary_large_image","twitter_misc":{"Escrit per":"Maria Isabel","Temps estimat de lectura":"3 minuts"},"schema":{"@context":"https:\/\/schema.org","@graph":[{"@type":"Article","@id":"https:\/\/gruasserrat.com\/ca\/el-pailebot-santa-eulalia\/#article","isPartOf":{"@id":"https:\/\/gruasserrat.com\/ca\/el-pailebot-santa-eulalia\/"},"author":{"name":"Maria Isabel","@id":"https:\/\/gruasserrat.com\/#\/schema\/person\/cf69a24588aa0bc87daf604d7f079d26"},"headline":"EL PAILEBOT SANTA EULALIA","datePublished":"2024-05-02T11:24:34+00:00","mainEntityOfPage":{"@id":"https:\/\/gruasserrat.com\/ca\/el-pailebot-santa-eulalia\/"},"wordCount":443,"publisher":{"@id":"https:\/\/gruasserrat.com\/#organization"},"image":{"@id":"https:\/\/gruasserrat.com\/ca\/el-pailebot-santa-eulalia\/#primaryimage"},"thumbnailUrl":"https:\/\/gruasserrat.com\/wp-content\/uploads\/2022\/10\/PAILEBOT-STA.EULALIA-Port-la-rapita-GruasSerrat.jpg","keywords":["eventos","tips"],"articleSection":["Not\u00edcies"],"inLanguage":"ca"},{"@type":"WebPage","@id":"https:\/\/gruasserrat.com\/ca\/el-pailebot-santa-eulalia\/","url":"https:\/\/gruasserrat.com\/ca\/el-pailebot-santa-eulalia\/","name":"EL PAILEBOT SANTA EULALIA - Gruas Serrat","isPartOf":{"@id":"https:\/\/gruasserrat.com\/#website"},"primaryImageOfPage":{"@id":"https:\/\/gruasserrat.com\/ca\/el-pailebot-santa-eulalia\/#primaryimage"},"image":{"@id":"https:\/\/gruasserrat.com\/ca\/el-pailebot-santa-eulalia\/#primaryimage"},"thumbnailUrl":"https:\/\/gruasserrat.com\/wp-content\/uploads\/2022\/10\/PAILEBOT-STA.EULALIA-Port-la-rapita-GruasSerrat.jpg","datePublished":"2024-05-02T11:24:34+00:00","description":"EL PAILEBOT SANTA EULALIA . Llegeix aquesta i altres noticies al Bloc de Gruas Serrat.","breadcrumb":{"@id":"https:\/\/gruasserrat.com\/ca\/el-pailebot-santa-eulalia\/#breadcrumb"},"inLanguage":"ca","potentialAction":[{"@type":"ReadAction","target":["https:\/\/gruasserrat.com\/ca\/el-pailebot-santa-eulalia\/"]}]},{"@type":"ImageObject","inLanguage":"ca","@id":"https:\/\/gruasserrat.com\/ca\/el-pailebot-santa-eulalia\/#primaryimage","url":"https:\/\/gruasserrat.com\/wp-content\/uploads\/2022\/10\/PAILEBOT-STA.EULALIA-Port-la-rapita-GruasSerrat.jpg","contentUrl":"https:\/\/gruasserrat.com\/wp-content\/uploads\/2022\/10\/PAILEBOT-STA.EULALIA-Port-la-rapita-GruasSerrat.jpg","width":640,"height":480},{"@type":"BreadcrumbList","@id":"https:\/\/gruasserrat.com\/ca\/el-pailebot-santa-eulalia\/#breadcrumb","itemListElement":[{"@type":"ListItem","position":1,"name":"Portada","item":"https:\/\/gruasserrat.com\/ca\/gruas-serrat\/"},{"@type":"ListItem","position":2,"name":"EL PAILEBOT SANTA EULALIA"}]},{"@type":"WebSite","@id":"https:\/\/gruasserrat.com\/#website","url":"https:\/\/gruasserrat.com\/","name":"Gruas Serrat","description":"Alquiler de gr\u00faas I Lloguer de grues","publisher":{"@id":"https:\/\/gruasserrat.com\/#organization"},"potentialAction":[{"@type":"SearchAction","target":{"@type":"EntryPoint","urlTemplate":"https:\/\/gruasserrat.com\/?s={search_term_string}"},"query-input":{"@type":"PropertyValueSpecification","valueRequired":true,"valueName":"search_term_string"}}],"inLanguage":"ca"},{"@type":"Organization","@id":"https:\/\/gruasserrat.com\/#organization","name":"Gruas Serrat","url":"https:\/\/gruasserrat.com\/","logo":{"@type":"ImageObject","inLanguage":"ca","@id":"https:\/\/gruasserrat.com\/#\/schema\/logo\/image\/","url":"https:\/\/gruasserrat.com\/wp-content\/uploads\/2019\/04\/logo-1-GS.png","contentUrl":"https:\/\/gruasserrat.com\/wp-content\/uploads\/2019\/04\/logo-1-GS.png","width":416,"height":148,"caption":"Gruas Serrat"},"image":{"@id":"https:\/\/gruasserrat.com\/#\/schema\/logo\/image\/"}},{"@type":"Person","@id":"https:\/\/gruasserrat.com\/#\/schema\/person\/cf69a24588aa0bc87daf604d7f079d26","name":"Maria Isabel","url":"https:\/\/gruasserrat.com\/ca\/author\/maria-isabel\/"}]}},"_links":{"self":[{"href":"https:\/\/gruasserrat.com\/ca\/wp-json\/wp\/v2\/posts\/3140","targetHints":{"allow":["GET"]}}],"collection":[{"href":"https:\/\/gruasserrat.com\/ca\/wp-json\/wp\/v2\/posts"}],"about":[{"href":"https:\/\/gruasserrat.com\/ca\/wp-json\/wp\/v2\/types\/post"}],"author":[{"embeddable":true,"href":"https:\/\/gruasserrat.com\/ca\/wp-json\/wp\/v2\/users\/4"}],"replies":[{"embeddable":true,"href":"https:\/\/gruasserrat.com\/ca\/wp-json\/wp\/v2\/comments?post=3140"}],"version-history":[{"count":2,"href":"https:\/\/gruasserrat.com\/ca\/wp-json\/wp\/v2\/posts\/3140\/revisions"}],"predecessor-version":[{"id":3142,"href":"https:\/\/gruasserrat.com\/ca\/wp-json\/wp\/v2\/posts\/3140\/revisions\/3142"}],"wp:featuredmedia":[{"embeddable":true,"href":"https:\/\/gruasserrat.com\/ca\/wp-json\/wp\/v2\/media\/3084"}],"wp:attachment":[{"href":"https:\/\/gruasserrat.com\/ca\/wp-json\/wp\/v2\/media?parent=3140"}],"wp:term":[{"taxonomy":"category","embeddable":true,"href":"https:\/\/gruasserrat.com\/ca\/wp-json\/wp\/v2\/categories?post=3140"},{"taxonomy":"post_tag","embeddable":true,"href":"https:\/\/gruasserrat.com\/ca\/wp-json\/wp\/v2\/tags?post=3140"}],"curies":[{"name":"wp","href":"https:\/\/api.w.org\/{rel}","templated":true}]}}